{"id":6779,"date":"2023-03-05T12:11:34","date_gmt":"2023-03-05T12:11:34","guid":{"rendered":"https:\/\/congdegorila.es\/index.php\/2023\/03\/05\/louis-pasteur-copy\/"},"modified":"2023-03-05T12:36:29","modified_gmt":"2023-03-05T12:36:29","slug":"blanca-en-la-gran-manzana","status":"publish","type":"post","link":"https:\/\/congdegorila.es\/index.php\/2023\/03\/05\/blanca-en-la-gran-manzana\/","title":{"rendered":"Cuentos comod\u00edn. Blanca en la Gran Manzana"},"content":{"rendered":"[vc_row type=\u00bbin_container\u00bb full_screen_row_position=\u00bbmiddle\u00bb column_margin=\u00bbdefault\u00bb column_direction=\u00bbdefault\u00bb column_direction_tablet=\u00bbdefault\u00bb column_direction_phone=\u00bbdefault\u00bb scene_position=\u00bbcenter\u00bb top_padding=\u00bb30&#8243; text_color=\u00bbdark\u00bb text_align=\u00bbleft\u00bb row_border_radius=\u00bbnone\u00bb row_border_radius_applies=\u00bbbg\u00bb overlay_strength=\u00bb0.3&#8243; gradient_direction=\u00bbleft_to_right\u00bb shape_divider_position=\u00bbbottom\u00bb bg_image_animation=\u00bbnone\u00bb][vc_column column_padding=\u00bbno-extra-padding\u00bb column_padding_tablet=\u00bbinherit\u00bb column_padding_phone=\u00bbinherit\u00bb column_padding_position=\u00bball\u00bb column_element_spacing=\u00bbdefault\u00bb background_color_opacity=\u00bb1&#8243; background_hover_color_opacity=\u00bb1&#8243; column_shadow=\u00bbnone\u00bb column_border_radius=\u00bbnone\u00bb column_link_target=\u00bb_self\u00bb gradient_direction=\u00bbleft_to_right\u00bb overlay_strength=\u00bb0.3&#8243; width=\u00bb1\/1&#8243; tablet_width_inherit=\u00bbdefault\u00bb tablet_text_alignment=\u00bbdefault\u00bb phone_text_alignment=\u00bbdefault\u00bb bg_image_animation=\u00bbnone\u00bb border_type=\u00bbsimple\u00bb column_border_width=\u00bbnone\u00bb column_border_style=\u00bbsolid\u00bb][vc_column_text]Blanca en la Gran Manzana pone final a un proyecto que titulamos, mi grupo de 3\u00ba en el a\u00f1o 2012, <em>Nueva York<\/em>. Recoge lo investigado y estudiado durante aquellos meses y pese que han pasado m\u00e1s de diez a\u00f1os, a los ni\u00f1os y a las ni\u00f1as de Primaria les encanta.<\/p>\n<p>Lo llamo <em>cuento comod\u00edn<\/em> porque sirve para conmemorar fechas tan importantes en el <em>cole<\/em> como: el D\u00eda de la Paz, D\u00eda de la mujer y la ni\u00f1a en la ciencia, D\u00eda de san Valent\u00edn o d\u00eda de la amistad, D\u00eda Internacional de la Mujer\u2026<\/p>\n<p>La canci\u00f3n es una estrofa de la pel\u00edcula <em>El Mago de Oz<\/em> de 1939.<\/p>\n<p>Os dejo unas preguntas de comprensi\u00f3n que les formulo una vez que la historia se ha escuchado.<\/p>\n<p><em>\u00c9rase una vez\u2026 \u00a0\u00a0<\/em>[\/vc_column_text][\/vc_column][\/vc_row][vc_row type=\u00bbin_container\u00bb full_screen_row_position=\u00bbmiddle\u00bb column_margin=\u00bbdefault\u00bb column_direction=\u00bbdefault\u00bb column_direction_tablet=\u00bbdefault\u00bb column_direction_phone=\u00bbdefault\u00bb scene_position=\u00bbcenter\u00bb text_color=\u00bbdark\u00bb text_align=\u00bbleft\u00bb row_border_radius=\u00bbnone\u00bb row_border_radius_applies=\u00bbbg\u00bb overlay_strength=\u00bb0.3&#8243; gradient_direction=\u00bbleft_to_right\u00bb shape_divider_position=\u00bbbottom\u00bb bg_image_animation=\u00bbnone\u00bb shape_type=\u00bb\u00bb][vc_column column_padding=\u00bbno-extra-padding\u00bb column_padding_tablet=\u00bbinherit\u00bb column_padding_phone=\u00bbinherit\u00bb column_padding_position=\u00bball\u00bb column_element_spacing=\u00bbdefault\u00bb background_color_opacity=\u00bb1&#8243; background_hover_color_opacity=\u00bb1&#8243; column_shadow=\u00bbnone\u00bb column_border_radius=\u00bbnone\u00bb column_link_target=\u00bb_self\u00bb gradient_direction=\u00bbleft_to_right\u00bb overlay_strength=\u00bb0.3&#8243; width=\u00bb1\/1&#8243; tablet_width_inherit=\u00bbdefault\u00bb tablet_text_alignment=\u00bbdefault\u00bb phone_text_alignment=\u00bbdefault\u00bb bg_image_animation=\u00bbnone\u00bb border_type=\u00bbsimple\u00bb column_border_width=\u00bbnone\u00bb column_border_style=\u00bbsolid\u00bb][vc_column_text]\n<h3 style=\"text-align: center;\"><strong>Blanca en la <em>Gran Manzana<\/em><\/strong><\/h3>\n[\/vc_column_text][\/vc_column][\/vc_row][vc_row type=\u00bbin_container\u00bb full_screen_row_position=\u00bbmiddle\u00bb column_margin=\u00bbdefault\u00bb column_direction=\u00bbdefault\u00bb column_direction_tablet=\u00bbdefault\u00bb column_direction_phone=\u00bbdefault\u00bb scene_position=\u00bbcenter\u00bb text_color=\u00bbdark\u00bb text_align=\u00bbleft\u00bb row_border_radius=\u00bbnone\u00bb row_border_radius_applies=\u00bbbg\u00bb overlay_strength=\u00bb0.3&#8243; gradient_direction=\u00bbleft_to_right\u00bb shape_divider_position=\u00bbbottom\u00bb bg_image_animation=\u00bbnone\u00bb][vc_column column_padding=\u00bbno-extra-padding\u00bb column_padding_tablet=\u00bbinherit\u00bb column_padding_phone=\u00bbinherit\u00bb column_padding_position=\u00bball\u00bb column_element_spacing=\u00bbdefault\u00bb centered_text=\u00bbtrue\u00bb background_color_opacity=\u00bb1&#8243; background_hover_color_opacity=\u00bb1&#8243; column_shadow=\u00bbnone\u00bb column_border_radius=\u00bbnone\u00bb column_link_target=\u00bb_self\u00bb gradient_direction=\u00bbleft_to_right\u00bb overlay_strength=\u00bb0.3&#8243; width=\u00bb1\/1&#8243; tablet_width_inherit=\u00bbdefault\u00bb tablet_text_alignment=\u00bbdefault\u00bb phone_text_alignment=\u00bbdefault\u00bb bg_image_animation=\u00bbnone\u00bb border_type=\u00bbsimple\u00bb column_border_width=\u00bbnone\u00bb column_border_style=\u00bbsolid\u00bb][nectar_btn size=\u00bbjumbo\u00bb open_new_tab=\u00bbtrue\u00bb button_style=\u00bbregular\u00bb button_color_2=\u00bbAccent-Color\u00bb icon_family=\u00bbnone\u00bb text=\u00bbVER CUENTO\u00bb url=\u00bbhttps:\/\/drive.google.com\/file\/d\/14jcHDTTPupDO_ukYlJpFKOUrygxVrawe\/view?usp=share_link\u00bb][\/vc_column][\/vc_row][vc_row type=\u00bbin_container\u00bb full_screen_row_position=\u00bbmiddle\u00bb column_margin=\u00bbdefault\u00bb column_direction=\u00bbdefault\u00bb column_direction_tablet=\u00bbdefault\u00bb column_direction_phone=\u00bbdefault\u00bb scene_position=\u00bbcenter\u00bb text_color=\u00bbdark\u00bb text_align=\u00bbleft\u00bb row_border_radius=\u00bbnone\u00bb row_border_radius_applies=\u00bbbg\u00bb overlay_strength=\u00bb0.3&#8243; gradient_direction=\u00bbleft_to_right\u00bb shape_divider_position=\u00bbbottom\u00bb bg_image_animation=\u00bbnone\u00bb shape_type=\u00bb\u00bb][vc_column column_padding=\u00bbno-extra-padding\u00bb column_padding_tablet=\u00bbinherit\u00bb column_padding_phone=\u00bbinherit\u00bb column_padding_position=\u00bball\u00bb column_element_spacing=\u00bbdefault\u00bb background_color_opacity=\u00bb1&#8243; background_hover_color_opacity=\u00bb1&#8243; column_shadow=\u00bbnone\u00bb column_border_radius=\u00bbnone\u00bb column_link_target=\u00bb_self\u00bb gradient_direction=\u00bbleft_to_right\u00bb overlay_strength=\u00bb0.3&#8243; width=\u00bb1\/1&#8243; tablet_width_inherit=\u00bbdefault\u00bb tablet_text_alignment=\u00bbdefault\u00bb phone_text_alignment=\u00bbdefault\u00bb bg_image_animation=\u00bbnone\u00bb border_type=\u00bbsimple\u00bb column_border_width=\u00bbnone\u00bb column_border_style=\u00bbsolid\u00bb][vc_column_text]\n<h3 style=\"text-align: center;\">Preguntas de comprensi\u00f3n<\/h3>\n[\/vc_column_text][\/vc_column][\/vc_row][vc_row type=\u00bbin_container\u00bb full_screen_row_position=\u00bbmiddle\u00bb column_margin=\u00bbdefault\u00bb column_direction=\u00bbdefault\u00bb column_direction_tablet=\u00bbdefault\u00bb column_direction_phone=\u00bbdefault\u00bb scene_position=\u00bbcenter\u00bb text_color=\u00bbdark\u00bb text_align=\u00bbleft\u00bb row_border_radius=\u00bbnone\u00bb row_border_radius_applies=\u00bbbg\u00bb overlay_strength=\u00bb0.3&#8243; gradient_direction=\u00bbleft_to_right\u00bb shape_divider_position=\u00bbbottom\u00bb bg_image_animation=\u00bbnone\u00bb][vc_column column_padding=\u00bbno-extra-padding\u00bb column_padding_tablet=\u00bbinherit\u00bb column_padding_phone=\u00bbinherit\u00bb column_padding_position=\u00bball\u00bb column_element_spacing=\u00bbdefault\u00bb centered_text=\u00bbtrue\u00bb background_color_opacity=\u00bb1&#8243; background_hover_color_opacity=\u00bb1&#8243; column_shadow=\u00bbnone\u00bb column_border_radius=\u00bbnone\u00bb column_link_target=\u00bb_self\u00bb gradient_direction=\u00bbleft_to_right\u00bb overlay_strength=\u00bb0.3&#8243; width=\u00bb1\/1&#8243; tablet_width_inherit=\u00bbdefault\u00bb tablet_text_alignment=\u00bbdefault\u00bb phone_text_alignment=\u00bbdefault\u00bb bg_image_animation=\u00bbnone\u00bb border_type=\u00bbsimple\u00bb column_border_width=\u00bbnone\u00bb column_border_style=\u00bbsolid\u00bb][nectar_btn size=\u00bblarge\u00bb open_new_tab=\u00bbtrue\u00bb button_style=\u00bbregular\u00bb button_color_2=\u00bbAccent-Color\u00bb icon_family=\u00bbnone\u00bb text=\u00bbFicha de preguntas de comprensi\u00f3n\u00bb url=\u00bbhttps:\/\/congdegorila.es\/wp-content\/uploads\/2023\/03\/test-blanca.pdf\u00bb][\/vc_column][\/vc_row]\n","protected":false},"excerpt":{"rendered":"<p>[vc_row type=\u00bbin_container\u00bb full_screen_row_position=\u00bbmiddle\u00bb column_margin=\u00bbdefault\u00bb column_direction=\u00bbdefault\u00bb column_direction_tablet=\u00bbdefault\u00bb column_direction_phone=\u00bbdefault\u00bb scene_position=\u00bbcenter\u00bb top_padding=\u00bb30&#8243; text_color=\u00bbdark\u00bb text_align=\u00bbleft\u00bb row_border_radius=\u00bbnone\u00bb row_border_radius_applies=\u00bbbg\u00bb overlay_strength=\u00bb0.3&#8243; gradient_direction=\u00bbleft_to_right\u00bb shape_divider_position=\u00bbbottom\u00bb bg_image_animation=\u00bbnone\u00bb][vc_column column_padding=\u00bbno-extra-padding\u00bb column_padding_tablet=\u00bbinherit\u00bb column_padding_phone=\u00bbinherit\u00bb column_padding_position=\u00bball\u00bb column_element_spacing=\u00bbdefault\u00bb background_color_opacity=\u00bb1&#8243; background_hover_color_opacity=\u00bb1&#8243; column_shadow=\u00bbnone\u00bb&#8230;<\/p>\n","protected":false},"author":2,"featured_media":6782,"comment_status":"closed","ping_status":"open","sticky":false,"template":"","format":"standard","meta":[],"categories":[6],"tags":[],"yoast_head":"<!-- This site is optimized with the Yoast SEO plugin v19.4 - https:\/\/yoast.com\/wordpress\/plugins\/seo\/ -->\n<title>Cuentos comod\u00edn. Blanca en la Gran Manzana - congdegorila<\/title>\n<meta name=\"description\" content=\"Louis Pasteur, padre de la microbiolog\u00eda, naci\u00f3 el 27 de diciembre de 1822 en Dole, Francia. Pasteur es considerado uno de los fundadores...\" \/>\n<meta name=\"robots\" content=\"index, follow, max-snippet:-1, max-image-preview:large, max-video-preview:-1\" \/>\n<link rel=\"canonical\" href=\"https:\/\/congdegorila.es\/index.php\/2023\/03\/05\/blanca-en-la-gran-manzana\/\" \/>\n<meta property=\"og:locale\" content=\"es_ES\" \/>\n<meta property=\"og:type\" content=\"article\" \/>\n<meta property=\"og:title\" content=\"Cuentos comod\u00edn. Blanca en la Gran Manzana - congdegorila\" \/>\n<meta property=\"og:description\" content=\"Louis Pasteur, padre de la microbiolog\u00eda, naci\u00f3 el 27 de diciembre de 1822 en Dole, Francia. Pasteur es considerado uno de los fundadores...\" \/>\n<meta property=\"og:url\" content=\"https:\/\/congdegorila.es\/index.php\/2023\/03\/05\/blanca-en-la-gran-manzana\/\" \/>\n<meta property=\"og:site_name\" content=\"congdegorila\" \/>\n<meta property=\"article:published_time\" content=\"2023-03-05T12:11:34+00:00\" \/>\n<meta property=\"article:modified_time\" content=\"2023-03-05T12:36:29+00:00\" \/>\n<meta property=\"og:image\" content=\"https:\/\/congdegorila.es\/wp-content\/uploads\/2023\/03\/blanca-portada.jpg\" \/>\n\t<meta property=\"og:image:width\" content=\"1920\" \/>\n\t<meta property=\"og:image:height\" content=\"1280\" \/>\n\t<meta property=\"og:image:type\" content=\"image\/jpeg\" \/>\n<meta name=\"author\" content=\"Gorila\" \/>\n<meta name=\"twitter:card\" content=\"summary_large_image\" \/>\n<meta name=\"twitter:label1\" content=\"Escrito por\" \/>\n\t<meta name=\"twitter:data1\" content=\"Gorila\" \/>\n\t<meta name=\"twitter:label2\" content=\"Tiempo de lectura\" \/>\n\t<meta name=\"twitter:data2\" content=\"2 minutos\" \/>\n<script type=\"application\/ld+json\" class=\"yoast-schema-graph\">{\"@context\":\"https:\/\/schema.org\",\"@graph\":[{\"@type\":\"Organization\",\"@id\":\"https:\/\/congdegorila.es\/#organization\",\"name\":\"Con G de Gorila\",\"url\":\"https:\/\/congdegorila.es\/\",\"sameAs\":[],\"logo\":{\"@type\":\"ImageObject\",\"inLanguage\":\"es\",\"@id\":\"https:\/\/congdegorila.es\/#\/schema\/logo\/image\/\",\"url\":\"https:\/\/congdegorila.es\/wp-content\/uploads\/2021\/08\/logo_ok-color.png\",\"contentUrl\":\"https:\/\/congdegorila.es\/wp-content\/uploads\/2021\/08\/logo_ok-color.png\",\"width\":739,\"height\":252,\"caption\":\"Con G de Gorila\"},\"image\":{\"@id\":\"https:\/\/congdegorila.es\/#\/schema\/logo\/image\/\"}},{\"@type\":\"WebSite\",\"@id\":\"https:\/\/congdegorila.es\/#website\",\"url\":\"https:\/\/congdegorila.es\/\",\"name\":\"congdegorila\",\"description\":\"Ideas para grandes y gigantes\",\"publisher\":{\"@id\":\"https:\/\/congdegorila.es\/#organization\"},\"potentialAction\":[{\"@type\":\"SearchAction\",\"target\":{\"@type\":\"EntryPoint\",\"urlTemplate\":\"https:\/\/congdegorila.es\/?s={search_term_string}\"},\"query-input\":\"required name=search_term_string\"}],\"inLanguage\":\"es\"},{\"@type\":\"WebPage\",\"@id\":\"https:\/\/congdegorila.es\/index.php\/2023\/03\/05\/blanca-en-la-gran-manzana\/\",\"url\":\"https:\/\/congdegorila.es\/index.php\/2023\/03\/05\/blanca-en-la-gran-manzana\/\",\"name\":\"Cuentos comod\u00edn. Blanca en la Gran Manzana - congdegorila\",\"isPartOf\":{\"@id\":\"https:\/\/congdegorila.es\/#website\"},\"datePublished\":\"2023-03-05T12:11:34+00:00\",\"dateModified\":\"2023-03-05T12:36:29+00:00\",\"description\":\"Louis Pasteur, padre de la microbiolog\u00eda, naci\u00f3 el 27 de diciembre de 1822 en Dole, Francia. Pasteur es considerado uno de los fundadores...\",\"breadcrumb\":{\"@id\":\"https:\/\/congdegorila.es\/index.php\/2023\/03\/05\/blanca-en-la-gran-manzana\/#breadcrumb\"},\"inLanguage\":\"es\",\"potentialAction\":[{\"@type\":\"ReadAction\",\"target\":[\"https:\/\/congdegorila.es\/index.php\/2023\/03\/05\/blanca-en-la-gran-manzana\/\"]}]},{\"@type\":\"BreadcrumbList\",\"@id\":\"https:\/\/congdegorila.es\/index.php\/2023\/03\/05\/blanca-en-la-gran-manzana\/#breadcrumb\",\"itemListElement\":[{\"@type\":\"ListItem\",\"position\":1,\"name\":\"Inicio\",\"item\":\"https:\/\/congdegorila.es\/\"},{\"@type\":\"ListItem\",\"position\":2,\"name\":\"Ideas\",\"item\":\"https:\/\/congdegorila.es\/index.php\/category\/ideas\/\"},{\"@type\":\"ListItem\",\"position\":3,\"name\":\"Cuentos comod\u00edn. Blanca en la Gran Manzana\"}]},{\"@type\":\"Article\",\"@id\":\"https:\/\/congdegorila.es\/index.php\/2023\/03\/05\/blanca-en-la-gran-manzana\/#article\",\"isPartOf\":{\"@id\":\"https:\/\/congdegorila.es\/index.php\/2023\/03\/05\/blanca-en-la-gran-manzana\/\"},\"author\":{\"name\":\"Gorila\",\"@id\":\"https:\/\/congdegorila.es\/#\/schema\/person\/a3a4af16066ac58bcc4d4cda8aa7a700\"},\"headline\":\"Cuentos comod\u00edn. Blanca en la Gran Manzana\",\"datePublished\":\"2023-03-05T12:11:34+00:00\",\"dateModified\":\"2023-03-05T12:36:29+00:00\",\"mainEntityOfPage\":{\"@id\":\"https:\/\/congdegorila.es\/index.php\/2023\/03\/05\/blanca-en-la-gran-manzana\/\"},\"wordCount\":928,\"publisher\":{\"@id\":\"https:\/\/congdegorila.es\/#organization\"},\"articleSection\":[\"Ideas\"],\"inLanguage\":\"es\"},{\"@type\":\"Person\",\"@id\":\"https:\/\/congdegorila.es\/#\/schema\/person\/a3a4af16066ac58bcc4d4cda8aa7a700\",\"name\":\"Gorila\",\"image\":{\"@type\":\"ImageObject\",\"inLanguage\":\"es\",\"@id\":\"https:\/\/congdegorila.es\/#\/schema\/person\/image\/\",\"url\":\"https:\/\/secure.gravatar.com\/avatar\/d32448fc8fcaec2e46c43f70a9824060?s=96&d=mm&r=g\",\"contentUrl\":\"https:\/\/secure.gravatar.com\/avatar\/d32448fc8fcaec2e46c43f70a9824060?s=96&d=mm&r=g\",\"caption\":\"Gorila\"},\"url\":\"https:\/\/congdegorila.es\/index.php\/author\/gorila\/\"}]}<\/script>\n<!-- \/ Yoast SEO plugin. -->","yoast_head_json":{"title":"Cuentos comod\u00edn. Blanca en la Gran Manzana - congdegorila","description":"Louis Pasteur, padre de la microbiolog\u00eda, naci\u00f3 el 27 de diciembre de 1822 en Dole, Francia. Pasteur es considerado uno de los fundadores...","robots":{"index":"index","follow":"follow","max-snippet":"max-snippet:-1","max-image-preview":"max-image-preview:large","max-video-preview":"max-video-preview:-1"},"canonical":"https:\/\/congdegorila.es\/index.php\/2023\/03\/05\/blanca-en-la-gran-manzana\/","og_locale":"es_ES","og_type":"article","og_title":"Cuentos comod\u00edn. Blanca en la Gran Manzana - congdegorila","og_description":"Louis Pasteur, padre de la microbiolog\u00eda, naci\u00f3 el 27 de diciembre de 1822 en Dole, Francia. Pasteur es considerado uno de los fundadores...","og_url":"https:\/\/congdegorila.es\/index.php\/2023\/03\/05\/blanca-en-la-gran-manzana\/","og_site_name":"congdegorila","article_published_time":"2023-03-05T12:11:34+00:00","article_modified_time":"2023-03-05T12:36:29+00:00","og_image":[{"width":1920,"height":1280,"url":"https:\/\/congdegorila.es\/wp-content\/uploads\/2023\/03\/blanca-portada.jpg","type":"image\/jpeg"}],"author":"Gorila","twitter_card":"summary_large_image","twitter_misc":{"Escrito por":"Gorila","Tiempo de lectura":"2 minutos"},"schema":{"@context":"https:\/\/schema.org","@graph":[{"@type":"Organization","@id":"https:\/\/congdegorila.es\/#organization","name":"Con G de Gorila","url":"https:\/\/congdegorila.es\/","sameAs":[],"logo":{"@type":"ImageObject","inLanguage":"es","@id":"https:\/\/congdegorila.es\/#\/schema\/logo\/image\/","url":"https:\/\/congdegorila.es\/wp-content\/uploads\/2021\/08\/logo_ok-color.png","contentUrl":"https:\/\/congdegorila.es\/wp-content\/uploads\/2021\/08\/logo_ok-color.png","width":739,"height":252,"caption":"Con G de Gorila"},"image":{"@id":"https:\/\/congdegorila.es\/#\/schema\/logo\/image\/"}},{"@type":"WebSite","@id":"https:\/\/congdegorila.es\/#website","url":"https:\/\/congdegorila.es\/","name":"congdegorila","description":"Ideas para grandes y gigantes","publisher":{"@id":"https:\/\/congdegorila.es\/#organization"},"potentialAction":[{"@type":"SearchAction","target":{"@type":"EntryPoint","urlTemplate":"https:\/\/congdegorila.es\/?s={search_term_string}"},"query-input":"required name=search_term_string"}],"inLanguage":"es"},{"@type":"WebPage","@id":"https:\/\/congdegorila.es\/index.php\/2023\/03\/05\/blanca-en-la-gran-manzana\/","url":"https:\/\/congdegorila.es\/index.php\/2023\/03\/05\/blanca-en-la-gran-manzana\/","name":"Cuentos comod\u00edn. Blanca en la Gran Manzana - congdegorila","isPartOf":{"@id":"https:\/\/congdegorila.es\/#website"},"datePublished":"2023-03-05T12:11:34+00:00","dateModified":"2023-03-05T12:36:29+00:00","description":"Louis Pasteur, padre de la microbiolog\u00eda, naci\u00f3 el 27 de diciembre de 1822 en Dole, Francia. Pasteur es considerado uno de los fundadores...","breadcrumb":{"@id":"https:\/\/congdegorila.es\/index.php\/2023\/03\/05\/blanca-en-la-gran-manzana\/#breadcrumb"},"inLanguage":"es","potentialAction":[{"@type":"ReadAction","target":["https:\/\/congdegorila.es\/index.php\/2023\/03\/05\/blanca-en-la-gran-manzana\/"]}]},{"@type":"BreadcrumbList","@id":"https:\/\/congdegorila.es\/index.php\/2023\/03\/05\/blanca-en-la-gran-manzana\/#breadcrumb","itemListElement":[{"@type":"ListItem","position":1,"name":"Inicio","item":"https:\/\/congdegorila.es\/"},{"@type":"ListItem","position":2,"name":"Ideas","item":"https:\/\/congdegorila.es\/index.php\/category\/ideas\/"},{"@type":"ListItem","position":3,"name":"Cuentos comod\u00edn. Blanca en la Gran Manzana"}]},{"@type":"Article","@id":"https:\/\/congdegorila.es\/index.php\/2023\/03\/05\/blanca-en-la-gran-manzana\/#article","isPartOf":{"@id":"https:\/\/congdegorila.es\/index.php\/2023\/03\/05\/blanca-en-la-gran-manzana\/"},"author":{"name":"Gorila","@id":"https:\/\/congdegorila.es\/#\/schema\/person\/a3a4af16066ac58bcc4d4cda8aa7a700"},"headline":"Cuentos comod\u00edn. Blanca en la Gran Manzana","datePublished":"2023-03-05T12:11:34+00:00","dateModified":"2023-03-05T12:36:29+00:00","mainEntityOfPage":{"@id":"https:\/\/congdegorila.es\/index.php\/2023\/03\/05\/blanca-en-la-gran-manzana\/"},"wordCount":928,"publisher":{"@id":"https:\/\/congdegorila.es\/#organization"},"articleSection":["Ideas"],"inLanguage":"es"},{"@type":"Person","@id":"https:\/\/congdegorila.es\/#\/schema\/person\/a3a4af16066ac58bcc4d4cda8aa7a700","name":"Gorila","image":{"@type":"ImageObject","inLanguage":"es","@id":"https:\/\/congdegorila.es\/#\/schema\/person\/image\/","url":"https:\/\/secure.gravatar.com\/avatar\/d32448fc8fcaec2e46c43f70a9824060?s=96&d=mm&r=g","contentUrl":"https:\/\/secure.gravatar.com\/avatar\/d32448fc8fcaec2e46c43f70a9824060?s=96&d=mm&r=g","caption":"Gorila"},"url":"https:\/\/congdegorila.es\/index.php\/author\/gorila\/"}]}},"_links":{"self":[{"href":"https:\/\/congdegorila.es\/index.php\/wp-json\/wp\/v2\/posts\/6779"}],"collection":[{"href":"https:\/\/congdegorila.es\/index.php\/wp-json\/wp\/v2\/posts"}],"about":[{"href":"https:\/\/congdegorila.es\/index.php\/wp-json\/wp\/v2\/types\/post"}],"author":[{"embeddable":true,"href":"https:\/\/congdegorila.es\/index.php\/wp-json\/wp\/v2\/users\/2"}],"replies":[{"embeddable":true,"href":"https:\/\/congdegorila.es\/index.php\/wp-json\/wp\/v2\/comments?post=6779"}],"version-history":[{"count":6,"href":"https:\/\/congdegorila.es\/index.php\/wp-json\/wp\/v2\/posts\/6779\/revisions"}],"predecessor-version":[{"id":6787,"href":"https:\/\/congdegorila.es\/index.php\/wp-json\/wp\/v2\/posts\/6779\/revisions\/6787"}],"wp:featuredmedia":[{"embeddable":true,"href":"https:\/\/congdegorila.es\/index.php\/wp-json\/wp\/v2\/media\/6782"}],"wp:attachment":[{"href":"https:\/\/congdegorila.es\/index.php\/wp-json\/wp\/v2\/media?parent=6779"}],"wp:term":[{"taxonomy":"category","embeddable":true,"href":"https:\/\/congdegorila.es\/index.php\/wp-json\/wp\/v2\/categories?post=6779"},{"taxonomy":"post_tag","embeddable":true,"href":"https:\/\/congdegorila.es\/index.php\/wp-json\/wp\/v2\/tags?post=6779"}],"curies":[{"name":"wp","href":"https:\/\/api.w.org\/{rel}","templated":true}]}}