{"id":6740,"date":"2023-12-06T12:24:20","date_gmt":"2023-12-06T12:24:20","guid":{"rendered":"https:\/\/congdegorila.es\/index.php\/2022\/12\/31\/edmund-halley-copy\/"},"modified":"2023-12-07T19:23:38","modified_gmt":"2023-12-07T19:23:38","slug":"louis-pasteur","status":"publish","type":"post","link":"https:\/\/congdegorila.es\/index.php\/2023\/12\/06\/louis-pasteur\/","title":{"rendered":"PaCiencia en diciembre. Louis Pasteur"},"content":{"rendered":"[vc_row type=\u00bbin_container\u00bb full_screen_row_position=\u00bbmiddle\u00bb column_margin=\u00bbdefault\u00bb column_direction=\u00bbdefault\u00bb column_direction_tablet=\u00bbdefault\u00bb column_direction_phone=\u00bbdefault\u00bb scene_position=\u00bbcenter\u00bb top_padding=\u00bb30&#8243; text_color=\u00bbdark\u00bb text_align=\u00bbleft\u00bb row_border_radius=\u00bbnone\u00bb row_border_radius_applies=\u00bbbg\u00bb overlay_strength=\u00bb0.3&#8243; gradient_direction=\u00bbleft_to_right\u00bb shape_divider_position=\u00bbbottom\u00bb bg_image_animation=\u00bbnone\u00bb][vc_column column_padding=\u00bbno-extra-padding\u00bb column_padding_tablet=\u00bbinherit\u00bb column_padding_phone=\u00bbinherit\u00bb column_padding_position=\u00bball\u00bb column_element_spacing=\u00bbdefault\u00bb background_color_opacity=\u00bb1&#8243; background_hover_color_opacity=\u00bb1&#8243; column_shadow=\u00bbnone\u00bb column_border_radius=\u00bbnone\u00bb column_link_target=\u00bb_self\u00bb gradient_direction=\u00bbleft_to_right\u00bb overlay_strength=\u00bb0.3&#8243; width=\u00bb1\/1&#8243; tablet_width_inherit=\u00bbdefault\u00bb tablet_text_alignment=\u00bbdefault\u00bb phone_text_alignment=\u00bbdefault\u00bb bg_image_animation=\u00bbnone\u00bb border_type=\u00bbsimple\u00bb column_border_width=\u00bbnone\u00bb column_border_style=\u00bbsolid\u00bb][vc_column_text]\n<h3><strong>El dibujo<\/strong><\/h3>\n<p>Louis Pasteur, padre de la <a href=\"https:\/\/concepto.de\/microbiologia\/\" target=\"_blank\" rel=\"noopener\">microbiolog\u00eda<\/a>, naci\u00f3 el 27 de diciembre de 1822 en Dole, Francia.<br \/>\nSu padre ten\u00eda una tener\u00eda, pero antes hab\u00eda sido sargento de las guerras napole\u00f3nicas.<br \/>\nEl peque\u00f1o Louis fue al colegio donde sobresali\u00f3 por su \u201cbuena mano\u201d para el dibujo y la pintura y no por sus buenas calificaciones en matem\u00e1ticas o qu\u00edmica. Su padre se opuso a que fuese profesor de Bellas Artes y lo oblig\u00f3 a estudiar hasta obtener el t\u00edtulo de bachiller en letras y en ciencias. Entr\u00f3 en la prestigiosa Escuela Normal Superior de <a href=\"https:\/\/congdegorila.es\/index.php\/2022\/06\/23\/con-ciencia-junio-sophie-germain\/\" target=\"_blank\" rel=\"noopener\">Par\u00eds<\/a> y se convirti\u00f3 en profesor de F\u00edsica en el Liceo de Dijon.<br \/>\nEn 1854, ya de vuelta de Estrasburgo y casado con Marie Laurent, con fue nombrado decano de la Facultad de Ciencias de la Universidad de Lille. A partir de este momento la qu\u00edmica se convirti\u00f3 en su objeto de estudio[\/vc_column_text][vc_column_text]\n<h3><strong>El vino<\/strong><\/h3>\n<p>Aqu\u00ed da comienzo el gran logro que Pasteur desarroll\u00f3 y lleva su nombre: la pasteurizaci\u00f3n.<br \/>\nUn alumno de la universidad le expuso un problema con el que su padre se encontraba con la cosecha del vino y licores a menudo. La producci\u00f3n de ambos se le estropeaba sin conocer el motivo. El qu\u00edmico se dio cuenta de que eso era com\u00fan a muchos alimentos y se puso manos a la obra. Descubri\u00f3 que el factor responsable del deterioro de estas bebidas era la contaminaci\u00f3n por microorganismos. Y resolvi\u00f3 que, si se calentaban durante un tiempo justo, a una temperatura adecuada y se embotellaban r\u00e1pidamente, se evitar\u00eda el desperfecto y las enfermedades provocadas por los g\u00e9rmenes. [\/vc_column_text][vc_column_text]\n<h3><strong>La vacuna<\/strong><\/h3>\n<p>En el a\u00f1o 1885 un ni\u00f1o, Joseph Meister, fue mordido por un perro rabioso y ten\u00eda pocas posibilidades de sobrevivir. El qu\u00edmico, que hab\u00eda estado estudiando y trabajando durante a\u00f1os sobre las bacterias causantes del c\u00f3lera aviar, inyect\u00f3 la vacuna, nunca probada con humanos, al chico. Afortunadamente el joven sobrevivi\u00f3, abri\u00e9ndose, de esta manera, un mundo nuevo en el campo de la medicina.<br \/>\nEn 1888 cre\u00f3 el instituto Pasteur donde, hoy en d\u00eda, muchos cient\u00edficos trabajan para encontrar la cura a las enfermedades infecciosas. Siete a\u00f1os m\u00e1s tarde, a la edad de 72 a\u00f1os, fallece el ni\u00f1o, fallece el ni\u00f1o que quiso ser artista, que se trabaj\u00f3 como qu\u00edmico y actu\u00f3 como m\u00e9dico.<br \/>\n[\/vc_column_text][vc_column_text]No solo debemos a Pasteur la pasteurizaci\u00f3n y la vacuna contra la rabia. El cient\u00edfico franc\u00e9s, demostr\u00f3 que las enfermedades se contagiaban por la transmisi\u00f3n de pat\u00f3genos y para evitarlo exigi\u00f3 la higiene en la medicina. Era imprescindible que el material m\u00e9dico, quir\u00fargico, fuera esterilizado. Asimismo, era necesario que los profesionales se aseasen cada vez que trataban a un paciente. Tambi\u00e9n, contra la ideolog\u00eda que se hab\u00eda sostenido durante siglos, demostr\u00f3 que la teor\u00eda de la generaci\u00f3n espont\u00e1nea no era cierta. Demostr\u00f3, con unos experimentos sencillos, que los microbios se originaban a partir de otros microorganismos y no surg\u00edan de manera espont\u00e1nea. (Te dejamos un v\u00eddeo para que puedas realizar el experimento en casa)[\/vc_column_text][vc_column_text]\n<h3><strong>\u00bfSab\u00edas que\u2026?<\/strong><\/h3>\n<ul>\n<li>Pasteur es considerado uno de los fundadores de la medicina preventiva.<\/li>\n<li>Su inter\u00e9s por la medicina le vino a consecuencia de haber perdido a tres de sus cinco hijos por fiebres tifoideas.<\/li>\n<li>En la actualidad, los institutos Pasteur son una red de investigaci\u00f3n de alto nivel con m\u00e1s de 30 centros repartidos en pa\u00edses de los cinco continentes. Cient\u00edficos de estos institutos han recibido un premio Nobel de Fisiolog\u00eda o Medicina.<\/li>\n<li>Pasteur es el nombre de un asteroide que fue descubierto en 1989.<\/li>\n<li>En diciembre nacieron el f\u00edsico y matem\u00e1tico <a href=\"https:\/\/www.biografiasyvidas.com\/monografia\/newton\/\" target=\"_blank\" rel=\"noopener\">Isaac Newton<\/a>, quien enunci\u00f3 la Ley de la Gravitaci\u00f3n Universal, y el astr\u00f3nomo <a href=\"https:\/\/es.wikipedia.org\/wiki\/Edward_Emerson_Barnard\" target=\"_blank\" rel=\"noopener\">Edward Emerson Barnard<\/a> quien descubri\u00f3 Amaltea, una de las lunas de J\u00fapiter.<\/li>\n<\/ul>\n[\/vc_column_text][\/vc_column][\/vc_row][vc_row type=\u00bbin_container\u00bb full_screen_row_position=\u00bbmiddle\u00bb column_margin=\u00bbdefault\u00bb column_direction=\u00bbdefault\u00bb column_direction_tablet=\u00bbdefault\u00bb column_direction_phone=\u00bbdefault\u00bb scene_position=\u00bbcenter\u00bb text_color=\u00bbdark\u00bb text_align=\u00bbleft\u00bb row_border_radius=\u00bbnone\u00bb row_border_radius_applies=\u00bbbg\u00bb overlay_strength=\u00bb0.3&#8243; gradient_direction=\u00bbleft_to_right\u00bb shape_divider_position=\u00bbbottom\u00bb bg_image_animation=\u00bbnone\u00bb shape_type=\u00bb\u00bb][vc_column column_padding=\u00bbno-extra-padding\u00bb column_padding_tablet=\u00bbinherit\u00bb column_padding_phone=\u00bbinherit\u00bb column_padding_position=\u00bball\u00bb column_element_spacing=\u00bbdefault\u00bb background_color_opacity=\u00bb1&#8243; background_hover_color_opacity=\u00bb1&#8243; column_shadow=\u00bbnone\u00bb column_border_radius=\u00bbnone\u00bb column_link_target=\u00bb_self\u00bb gradient_direction=\u00bbleft_to_right\u00bb overlay_strength=\u00bb0.3&#8243; width=\u00bb1\/1&#8243; tablet_width_inherit=\u00bbdefault\u00bb tablet_text_alignment=\u00bbdefault\u00bb phone_text_alignment=\u00bbdefault\u00bb bg_image_animation=\u00bbnone\u00bb border_type=\u00bbsimple\u00bb column_border_width=\u00bbnone\u00bb column_border_style=\u00bbsolid\u00bb][vc_column_text]\n<h3><strong>V\u00eddeos de inter\u00e9s:<\/strong><\/h3>\n[\/vc_column_text][vc_column_text]<strong>Louis Pasteur | Biograf\u00eda en cuento para ni\u00f1os | Shackleton Kids (Mis peque\u00f1os h\u00e9roes)<\/strong>[\/vc_column_text][vc_video link=\u00bbhttps:\/\/www.youtube.com\/watch?v=8fR3NKx0Uwc&amp;t=38s\u00bb el_width=\u00bb90&#8243; align=\u00bbcenter\u00bb][vc_column_text]<strong>The life of Louis Pasteur<\/strong>[\/vc_column_text][vc_video link=\u00bbhttps:\/\/www.youtube.com\/watch?v=CE2lnMorlqo\u00bb el_width=\u00bb90&#8243; align=\u00bbcenter\u00bb][vc_column_text]<strong>Generaci\u00f3n espont\u00e1nea \u2013 experimento casero<\/strong>[\/vc_column_text][vc_video link=\u00bbhttps:\/\/www.youtube.com\/watch?v=XH0EyW8DMBE\u00bb el_width=\u00bb90&#8243; align=\u00bbcenter\u00bb][vc_column_text]<strong>\u00bfQu\u00e9 es la pasteurizaci\u00f3n?<\/strong>[\/vc_column_text][vc_video link=\u00bbhttps:\/\/www.youtube.com\/watch?v=oryWTbDsPNc\u00bb el_width=\u00bb90&#8243; align=\u00bbcenter\u00bb][\/vc_column][\/vc_row]\n","protected":false},"excerpt":{"rendered":"<p>[vc_row type=\u00bbin_container\u00bb full_screen_row_position=\u00bbmiddle\u00bb column_margin=\u00bbdefault\u00bb column_direction=\u00bbdefault\u00bb column_direction_tablet=\u00bbdefault\u00bb column_direction_phone=\u00bbdefault\u00bb scene_position=\u00bbcenter\u00bb top_padding=\u00bb30&#8243; text_color=\u00bbdark\u00bb text_align=\u00bbleft\u00bb row_border_radius=\u00bbnone\u00bb row_border_radius_applies=\u00bbbg\u00bb overlay_strength=\u00bb0.3&#8243; gradient_direction=\u00bbleft_to_right\u00bb shape_divider_position=\u00bbbottom\u00bb bg_image_animation=\u00bbnone\u00bb][vc_column column_padding=\u00bbno-extra-padding\u00bb column_padding_tablet=\u00bbinherit\u00bb column_padding_phone=\u00bbinherit\u00bb column_padding_position=\u00bball\u00bb column_element_spacing=\u00bbdefault\u00bb background_color_opacity=\u00bb1&#8243; background_hover_color_opacity=\u00bb1&#8243; column_shadow=\u00bbnone\u00bb&#8230;<\/p>\n","protected":false},"author":2,"featured_media":6743,"comment_status":"closed","ping_status":"open","sticky":false,"template":"","format":"standard","meta":[],"categories":[3],"tags":[],"yoast_head":"<!-- This site is optimized with the Yoast SEO plugin v19.4 - https:\/\/yoast.com\/wordpress\/plugins\/seo\/ -->\n<title>PaCiencia en diciembre. Louis Pasteur - congdegorila<\/title>\n<meta name=\"description\" content=\"Louis Pasteur, padre de la microbiolog\u00eda, naci\u00f3 el 27 de diciembre de 1822 en Dole, Francia. Pasteur es considerado uno de los fundadores...\" \/>\n<meta name=\"robots\" content=\"index, follow, max-snippet:-1, max-image-preview:large, max-video-preview:-1\" \/>\n<link rel=\"canonical\" href=\"https:\/\/congdegorila.es\/index.php\/2023\/12\/06\/louis-pasteur\/\" \/>\n<meta property=\"og:locale\" content=\"es_ES\" \/>\n<meta property=\"og:type\" content=\"article\" \/>\n<meta property=\"og:title\" content=\"PaCiencia en diciembre. Louis Pasteur - congdegorila\" \/>\n<meta property=\"og:description\" content=\"Louis Pasteur, padre de la microbiolog\u00eda, naci\u00f3 el 27 de diciembre de 1822 en Dole, Francia. Pasteur es considerado uno de los fundadores...\" \/>\n<meta property=\"og:url\" content=\"https:\/\/congdegorila.es\/index.php\/2023\/12\/06\/louis-pasteur\/\" \/>\n<meta property=\"og:site_name\" content=\"congdegorila\" \/>\n<meta property=\"article:published_time\" content=\"2023-12-06T12:24:20+00:00\" \/>\n<meta property=\"article:modified_time\" content=\"2023-12-07T19:23:38+00:00\" \/>\n<meta property=\"og:image\" content=\"https:\/\/congdegorila.es\/wp-content\/uploads\/2022\/12\/Pasteur.jpg\" \/>\n\t<meta property=\"og:image:width\" content=\"1920\" \/>\n\t<meta property=\"og:image:height\" content=\"1280\" \/>\n\t<meta property=\"og:image:type\" content=\"image\/jpeg\" \/>\n<meta name=\"author\" content=\"Gorila\" \/>\n<meta name=\"twitter:card\" content=\"summary_large_image\" \/>\n<meta name=\"twitter:label1\" content=\"Escrito por\" \/>\n\t<meta name=\"twitter:data1\" content=\"Gorila\" \/>\n\t<meta name=\"twitter:label2\" content=\"Tiempo de lectura\" \/>\n\t<meta name=\"twitter:data2\" content=\"4 minutos\" \/>\n<script type=\"application\/ld+json\" class=\"yoast-schema-graph\">{\"@context\":\"https:\/\/schema.org\",\"@graph\":[{\"@type\":\"Organization\",\"@id\":\"https:\/\/congdegorila.es\/#organization\",\"name\":\"Con G de Gorila\",\"url\":\"https:\/\/congdegorila.es\/\",\"sameAs\":[],\"logo\":{\"@type\":\"ImageObject\",\"inLanguage\":\"es\",\"@id\":\"https:\/\/congdegorila.es\/#\/schema\/logo\/image\/\",\"url\":\"https:\/\/congdegorila.es\/wp-content\/uploads\/2021\/08\/logo_ok-color.png\",\"contentUrl\":\"https:\/\/congdegorila.es\/wp-content\/uploads\/2021\/08\/logo_ok-color.png\",\"width\":739,\"height\":252,\"caption\":\"Con G de Gorila\"},\"image\":{\"@id\":\"https:\/\/congdegorila.es\/#\/schema\/logo\/image\/\"}},{\"@type\":\"WebSite\",\"@id\":\"https:\/\/congdegorila.es\/#website\",\"url\":\"https:\/\/congdegorila.es\/\",\"name\":\"congdegorila\",\"description\":\"Ideas para grandes y gigantes\",\"publisher\":{\"@id\":\"https:\/\/congdegorila.es\/#organization\"},\"potentialAction\":[{\"@type\":\"SearchAction\",\"target\":{\"@type\":\"EntryPoint\",\"urlTemplate\":\"https:\/\/congdegorila.es\/?s={search_term_string}\"},\"query-input\":\"required name=search_term_string\"}],\"inLanguage\":\"es\"},{\"@type\":\"WebPage\",\"@id\":\"https:\/\/congdegorila.es\/index.php\/2023\/12\/06\/louis-pasteur\/\",\"url\":\"https:\/\/congdegorila.es\/index.php\/2023\/12\/06\/louis-pasteur\/\",\"name\":\"PaCiencia en diciembre. Louis Pasteur - congdegorila\",\"isPartOf\":{\"@id\":\"https:\/\/congdegorila.es\/#website\"},\"datePublished\":\"2023-12-06T12:24:20+00:00\",\"dateModified\":\"2023-12-07T19:23:38+00:00\",\"description\":\"Louis Pasteur, padre de la microbiolog\u00eda, naci\u00f3 el 27 de diciembre de 1822 en Dole, Francia. Pasteur es considerado uno de los fundadores...\",\"breadcrumb\":{\"@id\":\"https:\/\/congdegorila.es\/index.php\/2023\/12\/06\/louis-pasteur\/#breadcrumb\"},\"inLanguage\":\"es\",\"potentialAction\":[{\"@type\":\"ReadAction\",\"target\":[\"https:\/\/congdegorila.es\/index.php\/2023\/12\/06\/louis-pasteur\/\"]}]},{\"@type\":\"BreadcrumbList\",\"@id\":\"https:\/\/congdegorila.es\/index.php\/2023\/12\/06\/louis-pasteur\/#breadcrumb\",\"itemListElement\":[{\"@type\":\"ListItem\",\"position\":1,\"name\":\"Inicio\",\"item\":\"https:\/\/congdegorila.es\/\"},{\"@type\":\"ListItem\",\"position\":2,\"name\":\"Proyectos\",\"item\":\"https:\/\/congdegorila.es\/index.php\/category\/proyectos\/\"},{\"@type\":\"ListItem\",\"position\":3,\"name\":\"PaCiencia en diciembre. Louis Pasteur\"}]},{\"@type\":\"Article\",\"@id\":\"https:\/\/congdegorila.es\/index.php\/2023\/12\/06\/louis-pasteur\/#article\",\"isPartOf\":{\"@id\":\"https:\/\/congdegorila.es\/index.php\/2023\/12\/06\/louis-pasteur\/\"},\"author\":{\"name\":\"Gorila\",\"@id\":\"https:\/\/congdegorila.es\/#\/schema\/person\/a3a4af16066ac58bcc4d4cda8aa7a700\"},\"headline\":\"PaCiencia en diciembre. Louis Pasteur\",\"datePublished\":\"2023-12-06T12:24:20+00:00\",\"dateModified\":\"2023-12-07T19:23:38+00:00\",\"mainEntityOfPage\":{\"@id\":\"https:\/\/congdegorila.es\/index.php\/2023\/12\/06\/louis-pasteur\/\"},\"wordCount\":1108,\"publisher\":{\"@id\":\"https:\/\/congdegorila.es\/#organization\"},\"articleSection\":[\"Proyectos\"],\"inLanguage\":\"es\"},{\"@type\":\"Person\",\"@id\":\"https:\/\/congdegorila.es\/#\/schema\/person\/a3a4af16066ac58bcc4d4cda8aa7a700\",\"name\":\"Gorila\",\"image\":{\"@type\":\"ImageObject\",\"inLanguage\":\"es\",\"@id\":\"https:\/\/congdegorila.es\/#\/schema\/person\/image\/\",\"url\":\"https:\/\/secure.gravatar.com\/avatar\/d32448fc8fcaec2e46c43f70a9824060?s=96&d=mm&r=g\",\"contentUrl\":\"https:\/\/secure.gravatar.com\/avatar\/d32448fc8fcaec2e46c43f70a9824060?s=96&d=mm&r=g\",\"caption\":\"Gorila\"},\"url\":\"https:\/\/congdegorila.es\/index.php\/author\/gorila\/\"}]}<\/script>\n<!-- \/ Yoast SEO plugin. -->","yoast_head_json":{"title":"PaCiencia en diciembre. Louis Pasteur - congdegorila","description":"Louis Pasteur, padre de la microbiolog\u00eda, naci\u00f3 el 27 de diciembre de 1822 en Dole, Francia. Pasteur es considerado uno de los fundadores...","robots":{"index":"index","follow":"follow","max-snippet":"max-snippet:-1","max-image-preview":"max-image-preview:large","max-video-preview":"max-video-preview:-1"},"canonical":"https:\/\/congdegorila.es\/index.php\/2023\/12\/06\/louis-pasteur\/","og_locale":"es_ES","og_type":"article","og_title":"PaCiencia en diciembre. Louis Pasteur - congdegorila","og_description":"Louis Pasteur, padre de la microbiolog\u00eda, naci\u00f3 el 27 de diciembre de 1822 en Dole, Francia. Pasteur es considerado uno de los fundadores...","og_url":"https:\/\/congdegorila.es\/index.php\/2023\/12\/06\/louis-pasteur\/","og_site_name":"congdegorila","article_published_time":"2023-12-06T12:24:20+00:00","article_modified_time":"2023-12-07T19:23:38+00:00","og_image":[{"width":1920,"height":1280,"url":"https:\/\/congdegorila.es\/wp-content\/uploads\/2022\/12\/Pasteur.jpg","type":"image\/jpeg"}],"author":"Gorila","twitter_card":"summary_large_image","twitter_misc":{"Escrito por":"Gorila","Tiempo de lectura":"4 minutos"},"schema":{"@context":"https:\/\/schema.org","@graph":[{"@type":"Organization","@id":"https:\/\/congdegorila.es\/#organization","name":"Con G de Gorila","url":"https:\/\/congdegorila.es\/","sameAs":[],"logo":{"@type":"ImageObject","inLanguage":"es","@id":"https:\/\/congdegorila.es\/#\/schema\/logo\/image\/","url":"https:\/\/congdegorila.es\/wp-content\/uploads\/2021\/08\/logo_ok-color.png","contentUrl":"https:\/\/congdegorila.es\/wp-content\/uploads\/2021\/08\/logo_ok-color.png","width":739,"height":252,"caption":"Con G de Gorila"},"image":{"@id":"https:\/\/congdegorila.es\/#\/schema\/logo\/image\/"}},{"@type":"WebSite","@id":"https:\/\/congdegorila.es\/#website","url":"https:\/\/congdegorila.es\/","name":"congdegorila","description":"Ideas para grandes y gigantes","publisher":{"@id":"https:\/\/congdegorila.es\/#organization"},"potentialAction":[{"@type":"SearchAction","target":{"@type":"EntryPoint","urlTemplate":"https:\/\/congdegorila.es\/?s={search_term_string}"},"query-input":"required name=search_term_string"}],"inLanguage":"es"},{"@type":"WebPage","@id":"https:\/\/congdegorila.es\/index.php\/2023\/12\/06\/louis-pasteur\/","url":"https:\/\/congdegorila.es\/index.php\/2023\/12\/06\/louis-pasteur\/","name":"PaCiencia en diciembre. Louis Pasteur - congdegorila","isPartOf":{"@id":"https:\/\/congdegorila.es\/#website"},"datePublished":"2023-12-06T12:24:20+00:00","dateModified":"2023-12-07T19:23:38+00:00","description":"Louis Pasteur, padre de la microbiolog\u00eda, naci\u00f3 el 27 de diciembre de 1822 en Dole, Francia. Pasteur es considerado uno de los fundadores...","breadcrumb":{"@id":"https:\/\/congdegorila.es\/index.php\/2023\/12\/06\/louis-pasteur\/#breadcrumb"},"inLanguage":"es","potentialAction":[{"@type":"ReadAction","target":["https:\/\/congdegorila.es\/index.php\/2023\/12\/06\/louis-pasteur\/"]}]},{"@type":"BreadcrumbList","@id":"https:\/\/congdegorila.es\/index.php\/2023\/12\/06\/louis-pasteur\/#breadcrumb","itemListElement":[{"@type":"ListItem","position":1,"name":"Inicio","item":"https:\/\/congdegorila.es\/"},{"@type":"ListItem","position":2,"name":"Proyectos","item":"https:\/\/congdegorila.es\/index.php\/category\/proyectos\/"},{"@type":"ListItem","position":3,"name":"PaCiencia en diciembre. Louis Pasteur"}]},{"@type":"Article","@id":"https:\/\/congdegorila.es\/index.php\/2023\/12\/06\/louis-pasteur\/#article","isPartOf":{"@id":"https:\/\/congdegorila.es\/index.php\/2023\/12\/06\/louis-pasteur\/"},"author":{"name":"Gorila","@id":"https:\/\/congdegorila.es\/#\/schema\/person\/a3a4af16066ac58bcc4d4cda8aa7a700"},"headline":"PaCiencia en diciembre. Louis Pasteur","datePublished":"2023-12-06T12:24:20+00:00","dateModified":"2023-12-07T19:23:38+00:00","mainEntityOfPage":{"@id":"https:\/\/congdegorila.es\/index.php\/2023\/12\/06\/louis-pasteur\/"},"wordCount":1108,"publisher":{"@id":"https:\/\/congdegorila.es\/#organization"},"articleSection":["Proyectos"],"inLanguage":"es"},{"@type":"Person","@id":"https:\/\/congdegorila.es\/#\/schema\/person\/a3a4af16066ac58bcc4d4cda8aa7a700","name":"Gorila","image":{"@type":"ImageObject","inLanguage":"es","@id":"https:\/\/congdegorila.es\/#\/schema\/person\/image\/","url":"https:\/\/secure.gravatar.com\/avatar\/d32448fc8fcaec2e46c43f70a9824060?s=96&d=mm&r=g","contentUrl":"https:\/\/secure.gravatar.com\/avatar\/d32448fc8fcaec2e46c43f70a9824060?s=96&d=mm&r=g","caption":"Gorila"},"url":"https:\/\/congdegorila.es\/index.php\/author\/gorila\/"}]}},"_links":{"self":[{"href":"https:\/\/congdegorila.es\/index.php\/wp-json\/wp\/v2\/posts\/6740"}],"collection":[{"href":"https:\/\/congdegorila.es\/index.php\/wp-json\/wp\/v2\/posts"}],"about":[{"href":"https:\/\/congdegorila.es\/index.php\/wp-json\/wp\/v2\/types\/post"}],"author":[{"embeddable":true,"href":"https:\/\/congdegorila.es\/index.php\/wp-json\/wp\/v2\/users\/2"}],"replies":[{"embeddable":true,"href":"https:\/\/congdegorila.es\/index.php\/wp-json\/wp\/v2\/comments?post=6740"}],"version-history":[{"count":3,"href":"https:\/\/congdegorila.es\/index.php\/wp-json\/wp\/v2\/posts\/6740\/revisions"}],"predecessor-version":[{"id":6744,"href":"https:\/\/congdegorila.es\/index.php\/wp-json\/wp\/v2\/posts\/6740\/revisions\/6744"}],"wp:featuredmedia":[{"embeddable":true,"href":"https:\/\/congdegorila.es\/index.php\/wp-json\/wp\/v2\/media\/6743"}],"wp:attachment":[{"href":"https:\/\/congdegorila.es\/index.php\/wp-json\/wp\/v2\/media?parent=6740"}],"wp:term":[{"taxonomy":"category","embeddable":true,"href":"https:\/\/congdegorila.es\/index.php\/wp-json\/wp\/v2\/categories?post=6740"},{"taxonomy":"post_tag","embeddable":true,"href":"https:\/\/congdegorila.es\/index.php\/wp-json\/wp\/v2\/tags?post=6740"}],"curies":[{"name":"wp","href":"https:\/\/api.w.org\/{rel}","templated":true}]}}