{"id":2677,"date":"2017-02-14T06:33:01","date_gmt":"2017-02-14T06:33:01","guid":{"rendered":"http:\/\/themenectar.com\/demo\/salient-blog\/?p=2677"},"modified":"2021-08-16T11:34:04","modified_gmt":"2021-08-16T11:34:04","slug":"cuentos-como-inspiracion","status":"publish","type":"post","link":"https:\/\/congdegorila.es\/index.php\/2017\/02\/14\/cuentos-como-inspiracion\/","title":{"rendered":"Los cuentos como inspiraci\u00f3n. El viaje de Don Pastrana"},"content":{"rendered":"[vc_row type=\u00bbin_container\u00bb full_screen_row_position=\u00bbmiddle\u00bb column_margin=\u00bbdefault\u00bb column_direction=\u00bbdefault\u00bb column_direction_tablet=\u00bbdefault\u00bb column_direction_phone=\u00bbdefault\u00bb scene_position=\u00bbcenter\u00bb bottom_padding=\u00bb10&#8243; text_color=\u00bbdark\u00bb text_align=\u00bbleft\u00bb row_border_radius=\u00bbnone\u00bb row_border_radius_applies=\u00bbbg\u00bb overlay_strength=\u00bb0.3&#8243; gradient_direction=\u00bbleft_to_right\u00bb shape_divider_position=\u00bbbottom\u00bb bg_image_animation=\u00bbnone\u00bb shape_type=\u00bb\u00bb][vc_column column_padding=\u00bbno-extra-padding\u00bb column_padding_tablet=\u00bbinherit\u00bb column_padding_phone=\u00bbinherit\u00bb column_padding_position=\u00bball\u00bb column_element_spacing=\u00bbdefault\u00bb background_color_opacity=\u00bb1&#8243; background_hover_color_opacity=\u00bb1&#8243; column_shadow=\u00bbnone\u00bb column_border_radius=\u00bbnone\u00bb column_link_target=\u00bb_self\u00bb gradient_direction=\u00bbleft_to_right\u00bb overlay_strength=\u00bb0.3&#8243; width=\u00bb1\/1&#8243; tablet_width_inherit=\u00bbdefault\u00bb tablet_text_alignment=\u00bbdefault\u00bb phone_text_alignment=\u00bbdefault\u00bb bg_image_animation=\u00bbnone\u00bb border_type=\u00bbsimple\u00bb column_border_width=\u00bbnone\u00bb column_border_style=\u00bbsolid\u00bb][vc_column_text]Hace unos a\u00f1os compr\u00e9 este libro desplegable, sin texto. Es un librito muy simp\u00e1tico y original que permite que nuestra imaginaci\u00f3n vuele. Es ideal como introducci\u00f3n a los animales vertebrados e invertebrados.<\/p>\n<p>Puede tener un mont\u00f3n de interpretaciones o versiones. Dejo dos enlaces que ejemplifican lo escrito.[\/vc_column_text][image_with_animation image_url=\u00bb6071&#8243; animation=\u00bbNone\u00bb hover_animation=\u00bbnone\u00bb alignment=\u00bbcenter\u00bb border_radius=\u00bbnone\u00bb box_shadow=\u00bbnone\u00bb image_loading=\u00bbdefault\u00bb max_width=\u00bb50%\u00bb max_width_mobile=\u00bbdefault\u00bb][\/vc_column][\/vc_row][vc_row type=\u00bbin_container\u00bb full_screen_row_position=\u00bbmiddle\u00bb column_margin=\u00bbdefault\u00bb column_direction=\u00bbdefault\u00bb column_direction_tablet=\u00bbdefault\u00bb column_direction_phone=\u00bbdefault\u00bb scene_position=\u00bbcenter\u00bb top_padding=\u00bb0&#8243; text_color=\u00bbdark\u00bb text_align=\u00bbleft\u00bb row_border_radius=\u00bbnone\u00bb row_border_radius_applies=\u00bbbg\u00bb overlay_strength=\u00bb0.3&#8243; gradient_direction=\u00bbleft_to_right\u00bb shape_divider_position=\u00bbbottom\u00bb bg_image_animation=\u00bbnone\u00bb shape_type=\u00bb\u00bb][vc_column column_padding=\u00bbno-extra-padding\u00bb column_padding_tablet=\u00bbinherit\u00bb column_padding_phone=\u00bbinherit\u00bb column_padding_position=\u00bball\u00bb column_element_spacing=\u00bbdefault\u00bb background_color_opacity=\u00bb1&#8243; background_hover_color_opacity=\u00bb1&#8243; column_shadow=\u00bbnone\u00bb column_border_radius=\u00bbnone\u00bb column_link_target=\u00bb_self\u00bb gradient_direction=\u00bbleft_to_right\u00bb overlay_strength=\u00bb0.3&#8243; width=\u00bb1\/1&#8243; tablet_width_inherit=\u00bbdefault\u00bb tablet_text_alignment=\u00bbdefault\u00bb phone_text_alignment=\u00bbdefault\u00bb bg_image_animation=\u00bbnone\u00bb border_type=\u00bbsimple\u00bb column_border_width=\u00bbnone\u00bb column_border_style=\u00bbsolid\u00bb][vc_column_text]Versi\u00f3n cuentacuentos:[\/vc_column_text][vc_video link=\u00bbhttps:\/\/www.youtube.com\/watch?v=3xwIIZFACBY\u00bb el_width=\u00bb90&#8243; align=\u00bbcenter\u00bb][divider line_type=\u00bbFull Width Line\u00bb line_thickness=\u00bb1&#8243; divider_color=\u00bbdefault\u00bb custom_height=\u00bb100&#8243;][vc_video link=\u00bbhttps:\/\/www.youtube.com\/watch?v=_CkMWodAsU0&#8243; el_width=\u00bb90&#8243; align=\u00bbcenter\u00bb][\/vc_column][\/vc_row][vc_row type=\u00bbin_container\u00bb full_screen_row_position=\u00bbmiddle\u00bb column_margin=\u00bbdefault\u00bb column_direction=\u00bbdefault\u00bb column_direction_tablet=\u00bbdefault\u00bb column_direction_phone=\u00bbdefault\u00bb scene_position=\u00bbcenter\u00bb top_padding=\u00bb10 px\u00bb text_color=\u00bbdark\u00bb text_align=\u00bbleft\u00bb row_border_radius=\u00bbnone\u00bb row_border_radius_applies=\u00bbbg\u00bb overlay_strength=\u00bb0.3&#8243; gradient_direction=\u00bbleft_to_right\u00bb shape_divider_position=\u00bbbottom\u00bb bg_image_animation=\u00bbnone\u00bb shape_type=\u00bb\u00bb][vc_column column_padding=\u00bbno-extra-padding\u00bb column_padding_tablet=\u00bbinherit\u00bb column_padding_phone=\u00bbinherit\u00bb column_padding_position=\u00bball\u00bb column_element_spacing=\u00bbdefault\u00bb background_color_opacity=\u00bb1&#8243; background_hover_color_opacity=\u00bb1&#8243; column_shadow=\u00bbnone\u00bb column_border_radius=\u00bbnone\u00bb column_link_target=\u00bb_self\u00bb gradient_direction=\u00bbleft_to_right\u00bb overlay_strength=\u00bb0.3&#8243; width=\u00bb1\/1&#8243; tablet_width_inherit=\u00bbdefault\u00bb tablet_text_alignment=\u00bbdefault\u00bb phone_text_alignment=\u00bbdefault\u00bb bg_image_animation=\u00bbnone\u00bb border_type=\u00bbsimple\u00bb column_border_width=\u00bbnone\u00bb column_border_style=\u00bbsolid\u00bb][vc_column_text]Inspiraci\u00f3n \/ versi\u00f3n cuento en verso escrito por m\u00ed:[\/vc_column_text][\/vc_column][\/vc_row][vc_row type=\u00bbin_container\u00bb full_screen_row_position=\u00bbmiddle\u00bb column_margin=\u00bbdefault\u00bb column_direction=\u00bbdefault\u00bb column_direction_tablet=\u00bbdefault\u00bb column_direction_phone=\u00bbdefault\u00bb scene_position=\u00bbcenter\u00bb text_color=\u00bbdark\u00bb text_align=\u00bbleft\u00bb row_border_radius=\u00bbnone\u00bb row_border_radius_applies=\u00bbbg\u00bb overlay_strength=\u00bb0.3&#8243; gradient_direction=\u00bbleft_to_right\u00bb shape_divider_position=\u00bbbottom\u00bb bg_image_animation=\u00bbnone\u00bb][vc_column column_padding=\u00bbno-extra-padding\u00bb column_padding_tablet=\u00bbinherit\u00bb column_padding_phone=\u00bbinherit\u00bb column_padding_position=\u00bball\u00bb column_element_spacing=\u00bbdefault\u00bb background_color_opacity=\u00bb1&#8243; background_hover_color_opacity=\u00bb1&#8243; column_shadow=\u00bbnone\u00bb column_border_radius=\u00bbnone\u00bb column_link_target=\u00bb_self\u00bb gradient_direction=\u00bbleft_to_right\u00bb overlay_strength=\u00bb0.3&#8243; width=\u00bb1\/1&#8243; tablet_width_inherit=\u00bbdefault\u00bb tablet_text_alignment=\u00bbdefault\u00bb phone_text_alignment=\u00bbdefault\u00bb bg_image_animation=\u00bbnone\u00bb border_type=\u00bbsimple\u00bb column_border_width=\u00bbnone\u00bb column_border_style=\u00bbsolid\u00bb][image_with_animation image_url=\u00bb6074&#8243; animation=\u00bbFade In\u00bb hover_animation=\u00bbnone\u00bb alignment=\u00bbcenter\u00bb img_link_target=\u00bb_blank\u00bb border_radius=\u00bbnone\u00bb box_shadow=\u00bbnone\u00bb image_loading=\u00bbdefault\u00bb max_width=\u00bb75%\u00bb max_width_mobile=\u00bbdefault\u00bb img_link=\u00bbhttps:\/\/congdegorila.es\/wp-content\/uploads\/2017\/02\/don_pastrana_ok.pdf\u00bb][\/vc_column][\/vc_row]\n","protected":false},"excerpt":{"rendered":"<p>[vc_row type=\u00bbin_container\u00bb full_screen_row_position=\u00bbmiddle\u00bb column_margin=\u00bbdefault\u00bb column_direction=\u00bbdefault\u00bb column_direction_tablet=\u00bbdefault\u00bb column_direction_phone=\u00bbdefault\u00bb scene_position=\u00bbcenter\u00bb bottom_padding=\u00bb10&#8243; text_color=\u00bbdark\u00bb text_align=\u00bbleft\u00bb row_border_radius=\u00bbnone\u00bb row_border_radius_applies=\u00bbbg\u00bb overlay_strength=\u00bb0.3&#8243; gradient_direction=\u00bbleft_to_right\u00bb shape_divider_position=\u00bbbottom\u00bb bg_image_animation=\u00bbnone\u00bb shape_type=\u00bb\u00bb][vc_column column_padding=\u00bbno-extra-padding\u00bb column_padding_tablet=\u00bbinherit\u00bb column_padding_phone=\u00bbinherit\u00bb column_padding_position=\u00bball\u00bb column_element_spacing=\u00bbdefault\u00bb background_color_opacity=\u00bb1&#8243; background_hover_color_opacity=\u00bb1&#8243;&#8230;<\/p>\n","protected":false},"author":2,"featured_media":6039,"comment_status":"closed","ping_status":"open","sticky":false,"template":"","format":"standard","meta":[],"categories":[6],"tags":[23],"yoast_head":"<!-- This site is optimized with the Yoast SEO plugin v19.4 - https:\/\/yoast.com\/wordpress\/plugins\/seo\/ -->\n<title>Los cuentos como inspiraci\u00f3n. El viaje de Don Pastrana - congdegorila<\/title>\n<meta name=\"description\" content=\"Hace unos a\u00f1os compr\u00e9 este libro desplegable, sin texto. Es un librito muy simp\u00e1tico y original que permite que nuestra imaginaci\u00f3n vuele.\" \/>\n<meta name=\"robots\" content=\"index, follow, max-snippet:-1, max-image-preview:large, max-video-preview:-1\" \/>\n<link rel=\"canonical\" href=\"https:\/\/congdegorila.es\/index.php\/2017\/02\/14\/cuentos-como-inspiracion\/\" \/>\n<meta property=\"og:locale\" content=\"es_ES\" \/>\n<meta property=\"og:type\" content=\"article\" \/>\n<meta property=\"og:title\" content=\"Los cuentos como inspiraci\u00f3n. El viaje de Don Pastrana - congdegorila\" \/>\n<meta property=\"og:description\" content=\"Hace unos a\u00f1os compr\u00e9 este libro desplegable, sin texto. Es un librito muy simp\u00e1tico y original que permite que nuestra imaginaci\u00f3n vuele.\" \/>\n<meta property=\"og:url\" content=\"https:\/\/congdegorila.es\/index.php\/2017\/02\/14\/cuentos-como-inspiracion\/\" \/>\n<meta property=\"og:site_name\" content=\"congdegorila\" \/>\n<meta property=\"article:published_time\" content=\"2017-02-14T06:33:01+00:00\" \/>\n<meta property=\"article:modified_time\" content=\"2021-08-16T11:34:04+00:00\" \/>\n<meta property=\"og:image\" content=\"https:\/\/congdegorila.es\/wp-content\/uploads\/2017\/02\/pastrana-para-entrada.jpg\" \/>\n\t<meta property=\"og:image:width\" content=\"1920\" \/>\n\t<meta property=\"og:image:height\" content=\"1280\" \/>\n\t<meta property=\"og:image:type\" content=\"image\/jpeg\" \/>\n<meta name=\"author\" content=\"Gorila\" \/>\n<meta name=\"twitter:card\" content=\"summary_large_image\" \/>\n<meta name=\"twitter:label1\" content=\"Escrito por\" \/>\n\t<meta name=\"twitter:data1\" content=\"Gorila\" \/>\n\t<meta name=\"twitter:label2\" content=\"Tiempo de lectura\" \/>\n\t<meta name=\"twitter:data2\" content=\"2 minutos\" \/>\n<script type=\"application\/ld+json\" class=\"yoast-schema-graph\">{\"@context\":\"https:\/\/schema.org\",\"@graph\":[{\"@type\":\"Organization\",\"@id\":\"https:\/\/congdegorila.es\/#organization\",\"name\":\"Con G de Gorila\",\"url\":\"https:\/\/congdegorila.es\/\",\"sameAs\":[],\"logo\":{\"@type\":\"ImageObject\",\"inLanguage\":\"es\",\"@id\":\"https:\/\/congdegorila.es\/#\/schema\/logo\/image\/\",\"url\":\"https:\/\/congdegorila.es\/wp-content\/uploads\/2021\/08\/logo_ok-color.png\",\"contentUrl\":\"https:\/\/congdegorila.es\/wp-content\/uploads\/2021\/08\/logo_ok-color.png\",\"width\":739,\"height\":252,\"caption\":\"Con G de Gorila\"},\"image\":{\"@id\":\"https:\/\/congdegorila.es\/#\/schema\/logo\/image\/\"}},{\"@type\":\"WebSite\",\"@id\":\"https:\/\/congdegorila.es\/#website\",\"url\":\"https:\/\/congdegorila.es\/\",\"name\":\"congdegorila\",\"description\":\"Ideas para grandes y gigantes\",\"publisher\":{\"@id\":\"https:\/\/congdegorila.es\/#organization\"},\"potentialAction\":[{\"@type\":\"SearchAction\",\"target\":{\"@type\":\"EntryPoint\",\"urlTemplate\":\"https:\/\/congdegorila.es\/?s={search_term_string}\"},\"query-input\":\"required name=search_term_string\"}],\"inLanguage\":\"es\"},{\"@type\":\"WebPage\",\"@id\":\"https:\/\/congdegorila.es\/index.php\/2017\/02\/14\/cuentos-como-inspiracion\/\",\"url\":\"https:\/\/congdegorila.es\/index.php\/2017\/02\/14\/cuentos-como-inspiracion\/\",\"name\":\"Los cuentos como inspiraci\u00f3n. El viaje de Don Pastrana - congdegorila\",\"isPartOf\":{\"@id\":\"https:\/\/congdegorila.es\/#website\"},\"datePublished\":\"2017-02-14T06:33:01+00:00\",\"dateModified\":\"2021-08-16T11:34:04+00:00\",\"description\":\"Hace unos a\u00f1os compr\u00e9 este libro desplegable, sin texto. Es un librito muy simp\u00e1tico y original que permite que nuestra imaginaci\u00f3n vuele.\",\"breadcrumb\":{\"@id\":\"https:\/\/congdegorila.es\/index.php\/2017\/02\/14\/cuentos-como-inspiracion\/#breadcrumb\"},\"inLanguage\":\"es\",\"potentialAction\":[{\"@type\":\"ReadAction\",\"target\":[\"https:\/\/congdegorila.es\/index.php\/2017\/02\/14\/cuentos-como-inspiracion\/\"]}]},{\"@type\":\"BreadcrumbList\",\"@id\":\"https:\/\/congdegorila.es\/index.php\/2017\/02\/14\/cuentos-como-inspiracion\/#breadcrumb\",\"itemListElement\":[{\"@type\":\"ListItem\",\"position\":1,\"name\":\"Inicio\",\"item\":\"https:\/\/congdegorila.es\/\"},{\"@type\":\"ListItem\",\"position\":2,\"name\":\"Ideas\",\"item\":\"https:\/\/congdegorila.es\/index.php\/category\/ideas\/\"},{\"@type\":\"ListItem\",\"position\":3,\"name\":\"Los cuentos como inspiraci\u00f3n. El viaje de Don Pastrana\"}]},{\"@type\":\"Article\",\"@id\":\"https:\/\/congdegorila.es\/index.php\/2017\/02\/14\/cuentos-como-inspiracion\/#article\",\"isPartOf\":{\"@id\":\"https:\/\/congdegorila.es\/index.php\/2017\/02\/14\/cuentos-como-inspiracion\/\"},\"author\":{\"name\":\"Gorila\",\"@id\":\"https:\/\/congdegorila.es\/#\/schema\/person\/a3a4af16066ac58bcc4d4cda8aa7a700\"},\"headline\":\"Los cuentos como inspiraci\u00f3n. El viaje de Don Pastrana\",\"datePublished\":\"2017-02-14T06:33:01+00:00\",\"dateModified\":\"2021-08-16T11:34:04+00:00\",\"mainEntityOfPage\":{\"@id\":\"https:\/\/congdegorila.es\/index.php\/2017\/02\/14\/cuentos-como-inspiracion\/\"},\"wordCount\":757,\"publisher\":{\"@id\":\"https:\/\/congdegorila.es\/#organization\"},\"keywords\":[\"Lengua\"],\"articleSection\":[\"Ideas\"],\"inLanguage\":\"es\"},{\"@type\":\"Person\",\"@id\":\"https:\/\/congdegorila.es\/#\/schema\/person\/a3a4af16066ac58bcc4d4cda8aa7a700\",\"name\":\"Gorila\",\"image\":{\"@type\":\"ImageObject\",\"inLanguage\":\"es\",\"@id\":\"https:\/\/congdegorila.es\/#\/schema\/person\/image\/\",\"url\":\"https:\/\/secure.gravatar.com\/avatar\/d32448fc8fcaec2e46c43f70a9824060?s=96&d=mm&r=g\",\"contentUrl\":\"https:\/\/secure.gravatar.com\/avatar\/d32448fc8fcaec2e46c43f70a9824060?s=96&d=mm&r=g\",\"caption\":\"Gorila\"},\"url\":\"https:\/\/congdegorila.es\/index.php\/author\/gorila\/\"}]}<\/script>\n<!-- \/ Yoast SEO plugin. -->","yoast_head_json":{"title":"Los cuentos como inspiraci\u00f3n. El viaje de Don Pastrana - congdegorila","description":"Hace unos a\u00f1os compr\u00e9 este libro desplegable, sin texto. Es un librito muy simp\u00e1tico y original que permite que nuestra imaginaci\u00f3n vuele.","robots":{"index":"index","follow":"follow","max-snippet":"max-snippet:-1","max-image-preview":"max-image-preview:large","max-video-preview":"max-video-preview:-1"},"canonical":"https:\/\/congdegorila.es\/index.php\/2017\/02\/14\/cuentos-como-inspiracion\/","og_locale":"es_ES","og_type":"article","og_title":"Los cuentos como inspiraci\u00f3n. El viaje de Don Pastrana - congdegorila","og_description":"Hace unos a\u00f1os compr\u00e9 este libro desplegable, sin texto. Es un librito muy simp\u00e1tico y original que permite que nuestra imaginaci\u00f3n vuele.","og_url":"https:\/\/congdegorila.es\/index.php\/2017\/02\/14\/cuentos-como-inspiracion\/","og_site_name":"congdegorila","article_published_time":"2017-02-14T06:33:01+00:00","article_modified_time":"2021-08-16T11:34:04+00:00","og_image":[{"width":1920,"height":1280,"url":"https:\/\/congdegorila.es\/wp-content\/uploads\/2017\/02\/pastrana-para-entrada.jpg","type":"image\/jpeg"}],"author":"Gorila","twitter_card":"summary_large_image","twitter_misc":{"Escrito por":"Gorila","Tiempo de lectura":"2 minutos"},"schema":{"@context":"https:\/\/schema.org","@graph":[{"@type":"Organization","@id":"https:\/\/congdegorila.es\/#organization","name":"Con G de Gorila","url":"https:\/\/congdegorila.es\/","sameAs":[],"logo":{"@type":"ImageObject","inLanguage":"es","@id":"https:\/\/congdegorila.es\/#\/schema\/logo\/image\/","url":"https:\/\/congdegorila.es\/wp-content\/uploads\/2021\/08\/logo_ok-color.png","contentUrl":"https:\/\/congdegorila.es\/wp-content\/uploads\/2021\/08\/logo_ok-color.png","width":739,"height":252,"caption":"Con G de Gorila"},"image":{"@id":"https:\/\/congdegorila.es\/#\/schema\/logo\/image\/"}},{"@type":"WebSite","@id":"https:\/\/congdegorila.es\/#website","url":"https:\/\/congdegorila.es\/","name":"congdegorila","description":"Ideas para grandes y gigantes","publisher":{"@id":"https:\/\/congdegorila.es\/#organization"},"potentialAction":[{"@type":"SearchAction","target":{"@type":"EntryPoint","urlTemplate":"https:\/\/congdegorila.es\/?s={search_term_string}"},"query-input":"required name=search_term_string"}],"inLanguage":"es"},{"@type":"WebPage","@id":"https:\/\/congdegorila.es\/index.php\/2017\/02\/14\/cuentos-como-inspiracion\/","url":"https:\/\/congdegorila.es\/index.php\/2017\/02\/14\/cuentos-como-inspiracion\/","name":"Los cuentos como inspiraci\u00f3n. El viaje de Don Pastrana - congdegorila","isPartOf":{"@id":"https:\/\/congdegorila.es\/#website"},"datePublished":"2017-02-14T06:33:01+00:00","dateModified":"2021-08-16T11:34:04+00:00","description":"Hace unos a\u00f1os compr\u00e9 este libro desplegable, sin texto. Es un librito muy simp\u00e1tico y original que permite que nuestra imaginaci\u00f3n vuele.","breadcrumb":{"@id":"https:\/\/congdegorila.es\/index.php\/2017\/02\/14\/cuentos-como-inspiracion\/#breadcrumb"},"inLanguage":"es","potentialAction":[{"@type":"ReadAction","target":["https:\/\/congdegorila.es\/index.php\/2017\/02\/14\/cuentos-como-inspiracion\/"]}]},{"@type":"BreadcrumbList","@id":"https:\/\/congdegorila.es\/index.php\/2017\/02\/14\/cuentos-como-inspiracion\/#breadcrumb","itemListElement":[{"@type":"ListItem","position":1,"name":"Inicio","item":"https:\/\/congdegorila.es\/"},{"@type":"ListItem","position":2,"name":"Ideas","item":"https:\/\/congdegorila.es\/index.php\/category\/ideas\/"},{"@type":"ListItem","position":3,"name":"Los cuentos como inspiraci\u00f3n. El viaje de Don Pastrana"}]},{"@type":"Article","@id":"https:\/\/congdegorila.es\/index.php\/2017\/02\/14\/cuentos-como-inspiracion\/#article","isPartOf":{"@id":"https:\/\/congdegorila.es\/index.php\/2017\/02\/14\/cuentos-como-inspiracion\/"},"author":{"name":"Gorila","@id":"https:\/\/congdegorila.es\/#\/schema\/person\/a3a4af16066ac58bcc4d4cda8aa7a700"},"headline":"Los cuentos como inspiraci\u00f3n. El viaje de Don Pastrana","datePublished":"2017-02-14T06:33:01+00:00","dateModified":"2021-08-16T11:34:04+00:00","mainEntityOfPage":{"@id":"https:\/\/congdegorila.es\/index.php\/2017\/02\/14\/cuentos-como-inspiracion\/"},"wordCount":757,"publisher":{"@id":"https:\/\/congdegorila.es\/#organization"},"keywords":["Lengua"],"articleSection":["Ideas"],"inLanguage":"es"},{"@type":"Person","@id":"https:\/\/congdegorila.es\/#\/schema\/person\/a3a4af16066ac58bcc4d4cda8aa7a700","name":"Gorila","image":{"@type":"ImageObject","inLanguage":"es","@id":"https:\/\/congdegorila.es\/#\/schema\/person\/image\/","url":"https:\/\/secure.gravatar.com\/avatar\/d32448fc8fcaec2e46c43f70a9824060?s=96&d=mm&r=g","contentUrl":"https:\/\/secure.gravatar.com\/avatar\/d32448fc8fcaec2e46c43f70a9824060?s=96&d=mm&r=g","caption":"Gorila"},"url":"https:\/\/congdegorila.es\/index.php\/author\/gorila\/"}]}},"_links":{"self":[{"href":"https:\/\/congdegorila.es\/index.php\/wp-json\/wp\/v2\/posts\/2677"}],"collection":[{"href":"https:\/\/congdegorila.es\/index.php\/wp-json\/wp\/v2\/posts"}],"about":[{"href":"https:\/\/congdegorila.es\/index.php\/wp-json\/wp\/v2\/types\/post"}],"author":[{"embeddable":true,"href":"https:\/\/congdegorila.es\/index.php\/wp-json\/wp\/v2\/users\/2"}],"replies":[{"embeddable":true,"href":"https:\/\/congdegorila.es\/index.php\/wp-json\/wp\/v2\/comments?post=2677"}],"version-history":[{"count":14,"href":"https:\/\/congdegorila.es\/index.php\/wp-json\/wp\/v2\/posts\/2677\/revisions"}],"predecessor-version":[{"id":6075,"href":"https:\/\/congdegorila.es\/index.php\/wp-json\/wp\/v2\/posts\/2677\/revisions\/6075"}],"wp:featuredmedia":[{"embeddable":true,"href":"https:\/\/congdegorila.es\/index.php\/wp-json\/wp\/v2\/media\/6039"}],"wp:attachment":[{"href":"https:\/\/congdegorila.es\/index.php\/wp-json\/wp\/v2\/media?parent=2677"}],"wp:term":[{"taxonomy":"category","embeddable":true,"href":"https:\/\/congdegorila.es\/index.php\/wp-json\/wp\/v2\/categories?post=2677"},{"taxonomy":"post_tag","embeddable":true,"href":"https:\/\/congdegorila.es\/index.php\/wp-json\/wp\/v2\/tags?post=2677"}],"curies":[{"name":"wp","href":"https:\/\/api.w.org\/{rel}","templated":true}]}}