{"id":1,"date":"2021-08-01T14:57:54","date_gmt":"2021-08-01T14:57:54","guid":{"rendered":"https:\/\/congdegorila.es\/?p=1"},"modified":"2021-08-16T09:05:32","modified_gmt":"2021-08-16T09:05:32","slug":"por-que-g-de-gorila","status":"publish","type":"post","link":"https:\/\/congdegorila.es\/index.php\/2021\/08\/01\/por-que-g-de-gorila\/","title":{"rendered":"\u00bfPor qu\u00e9 g de gorila?"},"content":{"rendered":"[vc_row type=\u00bbin_container\u00bb full_screen_row_position=\u00bbmiddle\u00bb column_margin=\u00bbdefault\u00bb column_direction=\u00bbdefault\u00bb column_direction_tablet=\u00bbdefault\u00bb column_direction_phone=\u00bbdefault\u00bb scene_position=\u00bbcenter\u00bb text_color=\u00bbdark\u00bb text_align=\u00bbleft\u00bb row_border_radius=\u00bbnone\u00bb row_border_radius_applies=\u00bbbg\u00bb overlay_strength=\u00bb0.3&#8243; gradient_direction=\u00bbleft_to_right\u00bb shape_divider_position=\u00bbbottom\u00bb bg_image_animation=\u00bbnone\u00bb][vc_column column_padding=\u00bbno-extra-padding\u00bb column_padding_tablet=\u00bbinherit\u00bb column_padding_phone=\u00bbinherit\u00bb column_padding_position=\u00bball\u00bb column_element_spacing=\u00bbdefault\u00bb background_color_opacity=\u00bb1&#8243; background_hover_color_opacity=\u00bb1&#8243; column_shadow=\u00bbnone\u00bb column_border_radius=\u00bbnone\u00bb column_link_target=\u00bb_self\u00bb gradient_direction=\u00bbleft_to_right\u00bb overlay_strength=\u00bb0.3&#8243; width=\u00bb1\/1&#8243; tablet_width_inherit=\u00bbdefault\u00bb tablet_text_alignment=\u00bbdefault\u00bb phone_text_alignment=\u00bbdefault\u00bb bg_image_animation=\u00bbnone\u00bb border_type=\u00bbsimple\u00bb column_border_width=\u00bbnone\u00bb column_border_style=\u00bbsolid\u00bb][vc_column_text]Me llamo Gloria, soy se\u00f1o en un centro biling\u00fce en el que imparto las asignaturas de Lengua, Ingl\u00e9s, Pl\u00e1stica y Social and Natural Sciences. \u00bfPor qu\u00e9 eleg\u00ed \u201cg de gorila\u201d para el blog?[\/vc_column_text][vc_column_text]Varias razones me llevaron a ello:[\/vc_column_text][\/vc_column][\/vc_row][vc_row type=\u00bbin_container\u00bb full_screen_row_position=\u00bbmiddle\u00bb column_margin=\u00bbdefault\u00bb column_direction=\u00bbdefault\u00bb column_direction_tablet=\u00bbdefault\u00bb column_direction_phone=\u00bbdefault\u00bb scene_position=\u00bbcenter\u00bb text_color=\u00bbdark\u00bb text_align=\u00bbleft\u00bb row_border_radius=\u00bbnone\u00bb row_border_radius_applies=\u00bbbg\u00bb overlay_strength=\u00bb0.3&#8243; gradient_direction=\u00bbleft_to_right\u00bb shape_divider_position=\u00bbbottom\u00bb bg_image_animation=\u00bbnone\u00bb][vc_column column_padding=\u00bbno-extra-padding\u00bb column_padding_tablet=\u00bbinherit\u00bb column_padding_phone=\u00bbinherit\u00bb column_padding_position=\u00bball\u00bb column_element_spacing=\u00bbdefault\u00bb background_color_opacity=\u00bb1&#8243; background_hover_color_opacity=\u00bb1&#8243; column_shadow=\u00bbnone\u00bb column_border_radius=\u00bbnone\u00bb column_link_target=\u00bb_self\u00bb gradient_direction=\u00bbleft_to_right\u00bb overlay_strength=\u00bb0.3&#8243; width=\u00bb1\/1&#8243; tablet_width_inherit=\u00bbdefault\u00bb tablet_text_alignment=\u00bbdefault\u00bb phone_text_alignment=\u00bbdefault\u00bb bg_image_animation=\u00bbnone\u00bb border_type=\u00bbsimple\u00bb column_border_width=\u00bbnone\u00bb column_border_style=\u00bbsolid\u00bb]<div class=\"nectar-fancy-ul\" data-list-icon=\"icon-salient-thin-line\" data-animation=\"false\" data-animation-delay=\"0\" data-color=\"accent-color\" data-spacing=\"default\" data-alignment=\"left\"> \n<ul>\n<li>Si combino las letras de mi nombre sale la palabra de este mam\u00edfero.<\/li>\n<li>Si le a\u00f1ado otra \u201cl\u201d lo escribo en ingl\u00e9s.<\/li>\n<li>Este animalote se pronuncia de manera similar en espa\u00f1ol e ingl\u00e9s.<\/li>\n<li>Nuestro nombre de pila contiene el nombre de un animal si jugamos a cambiar, a\u00f1adir o quitar letras: ave para Eva, osa para Rosa, armadillo para Mario, hiena para Helena\u2026y seguramente encontraremos caracter\u00edsticas comunes con estos bichejos.<\/li>\n<li>Me parezco a una gorila en : tengo 4 extremidades, soy de cabello y ojos oscuros y me encantan los \u00e1rboles y la fruta.<\/li>\n<\/ul>\n <\/div>[\/vc_column][\/vc_row][vc_row type=\u00bbin_container\u00bb full_screen_row_position=\u00bbmiddle\u00bb column_margin=\u00bbdefault\u00bb column_direction=\u00bbdefault\u00bb column_direction_tablet=\u00bbdefault\u00bb column_direction_phone=\u00bbdefault\u00bb scene_position=\u00bbcenter\u00bb text_color=\u00bbdark\u00bb text_align=\u00bbleft\u00bb row_border_radius=\u00bbnone\u00bb row_border_radius_applies=\u00bbbg\u00bb overlay_strength=\u00bb0.3&#8243; gradient_direction=\u00bbleft_to_right\u00bb shape_divider_position=\u00bbbottom\u00bb bg_image_animation=\u00bbnone\u00bb][vc_column column_padding=\u00bbno-extra-padding\u00bb column_padding_tablet=\u00bbinherit\u00bb column_padding_phone=\u00bbinherit\u00bb column_padding_position=\u00bball\u00bb column_element_spacing=\u00bbdefault\u00bb background_color_opacity=\u00bb1&#8243; background_hover_color_opacity=\u00bb1&#8243; column_shadow=\u00bbnone\u00bb column_border_radius=\u00bbnone\u00bb column_link_target=\u00bb_self\u00bb gradient_direction=\u00bbleft_to_right\u00bb overlay_strength=\u00bb0.3&#8243; width=\u00bb1\/1&#8243; tablet_width_inherit=\u00bbdefault\u00bb tablet_text_alignment=\u00bbdefault\u00bb phone_text_alignment=\u00bbdefault\u00bb bg_image_animation=\u00bbnone\u00bb border_type=\u00bbsimple\u00bb column_border_width=\u00bbnone\u00bb column_border_style=\u00bbsolid\u00bb][vc_column_text]\n<h4>\u00bfQu\u00e9 ver en\u00a0CONGDEGORILA?<\/h4>\n<p style=\"font-weight: 400;\">Experiencias de proyectos, actividades y mucha, mucha, ilusi\u00f3n.<\/p>\n[\/vc_column_text][\/vc_column][\/vc_row]\n","protected":false},"excerpt":{"rendered":"<p>[vc_row type=\u00bbin_container\u00bb full_screen_row_position=\u00bbmiddle\u00bb column_margin=\u00bbdefault\u00bb column_direction=\u00bbdefault\u00bb column_direction_tablet=\u00bbdefault\u00bb column_direction_phone=\u00bbdefault\u00bb scene_position=\u00bbcenter\u00bb text_color=\u00bbdark\u00bb text_align=\u00bbleft\u00bb row_border_radius=\u00bbnone\u00bb row_border_radius_applies=\u00bbbg\u00bb overlay_strength=\u00bb0.3&#8243; gradient_direction=\u00bbleft_to_right\u00bb shape_divider_position=\u00bbbottom\u00bb bg_image_animation=\u00bbnone\u00bb][vc_column column_padding=\u00bbno-extra-padding\u00bb column_padding_tablet=\u00bbinherit\u00bb column_padding_phone=\u00bbinherit\u00bb column_padding_position=\u00bball\u00bb column_element_spacing=\u00bbdefault\u00bb background_color_opacity=\u00bb1&#8243; background_hover_color_opacity=\u00bb1&#8243; column_shadow=\u00bbnone\u00bb column_border_radius=\u00bbnone\u00bb&#8230;<\/p>\n","protected":false},"author":2,"featured_media":5924,"comment_status":"closed","ping_status":"open","sticky":false,"template":"","format":"standard","meta":[],"categories":[1],"tags":[],"yoast_head":"<!-- This site is optimized with the Yoast SEO plugin v19.4 - https:\/\/yoast.com\/wordpress\/plugins\/seo\/ -->\n<title>\u00bfPor qu\u00e9 g de gorila? - congdegorila<\/title>\n<meta name=\"description\" content=\"\u00bfPor qu\u00e9 g de gorila? Me llamo Gloria, soy se\u00f1o en un centro biling\u00fce en el que imparto las asignaturas de Lengua, Ingl\u00e9s, Pl\u00e1stica, Social...\" \/>\n<meta name=\"robots\" content=\"index, follow, max-snippet:-1, max-image-preview:large, max-video-preview:-1\" \/>\n<link rel=\"canonical\" href=\"https:\/\/congdegorila.es\/index.php\/2021\/08\/01\/por-que-g-de-gorila\/\" \/>\n<meta property=\"og:locale\" content=\"es_ES\" \/>\n<meta property=\"og:type\" content=\"article\" \/>\n<meta property=\"og:title\" content=\"\u00bfPor qu\u00e9 g de gorila? - congdegorila\" \/>\n<meta property=\"og:description\" content=\"\u00bfPor qu\u00e9 g de gorila? Me llamo Gloria, soy se\u00f1o en un centro biling\u00fce en el que imparto las asignaturas de Lengua, Ingl\u00e9s, Pl\u00e1stica, Social...\" \/>\n<meta property=\"og:url\" content=\"https:\/\/congdegorila.es\/index.php\/2021\/08\/01\/por-que-g-de-gorila\/\" \/>\n<meta property=\"og:site_name\" content=\"congdegorila\" \/>\n<meta property=\"article:published_time\" content=\"2021-08-01T14:57:54+00:00\" \/>\n<meta property=\"article:modified_time\" content=\"2021-08-16T09:05:32+00:00\" \/>\n<meta property=\"og:image\" content=\"https:\/\/congdegorila.es\/wp-content\/uploads\/2021\/08\/gorila6.jpg\" \/>\n\t<meta property=\"og:image:width\" content=\"1920\" \/>\n\t<meta property=\"og:image:height\" content=\"1280\" \/>\n\t<meta property=\"og:image:type\" content=\"image\/jpeg\" \/>\n<meta name=\"author\" content=\"Gorila\" \/>\n<meta name=\"twitter:card\" content=\"summary_large_image\" \/>\n<meta name=\"twitter:label1\" content=\"Escrito por\" \/>\n\t<meta name=\"twitter:data1\" content=\"Gorila\" \/>\n\t<meta name=\"twitter:label2\" content=\"Tiempo de lectura\" \/>\n\t<meta name=\"twitter:data2\" content=\"2 minutos\" \/>\n<script type=\"application\/ld+json\" class=\"yoast-schema-graph\">{\"@context\":\"https:\/\/schema.org\",\"@graph\":[{\"@type\":\"Organization\",\"@id\":\"https:\/\/congdegorila.es\/#organization\",\"name\":\"Con G de Gorila\",\"url\":\"https:\/\/congdegorila.es\/\",\"sameAs\":[],\"logo\":{\"@type\":\"ImageObject\",\"inLanguage\":\"es\",\"@id\":\"https:\/\/congdegorila.es\/#\/schema\/logo\/image\/\",\"url\":\"https:\/\/congdegorila.es\/wp-content\/uploads\/2021\/08\/logo_ok-color.png\",\"contentUrl\":\"https:\/\/congdegorila.es\/wp-content\/uploads\/2021\/08\/logo_ok-color.png\",\"width\":739,\"height\":252,\"caption\":\"Con G de Gorila\"},\"image\":{\"@id\":\"https:\/\/congdegorila.es\/#\/schema\/logo\/image\/\"}},{\"@type\":\"WebSite\",\"@id\":\"https:\/\/congdegorila.es\/#website\",\"url\":\"https:\/\/congdegorila.es\/\",\"name\":\"congdegorila\",\"description\":\"Ideas para grandes y gigantes\",\"publisher\":{\"@id\":\"https:\/\/congdegorila.es\/#organization\"},\"potentialAction\":[{\"@type\":\"SearchAction\",\"target\":{\"@type\":\"EntryPoint\",\"urlTemplate\":\"https:\/\/congdegorila.es\/?s={search_term_string}\"},\"query-input\":\"required name=search_term_string\"}],\"inLanguage\":\"es\"},{\"@type\":\"WebPage\",\"@id\":\"https:\/\/congdegorila.es\/index.php\/2021\/08\/01\/por-que-g-de-gorila\/\",\"url\":\"https:\/\/congdegorila.es\/index.php\/2021\/08\/01\/por-que-g-de-gorila\/\",\"name\":\"\u00bfPor qu\u00e9 g de gorila? - congdegorila\",\"isPartOf\":{\"@id\":\"https:\/\/congdegorila.es\/#website\"},\"datePublished\":\"2021-08-01T14:57:54+00:00\",\"dateModified\":\"2021-08-16T09:05:32+00:00\",\"description\":\"\u00bfPor qu\u00e9 g de gorila? Me llamo Gloria, soy se\u00f1o en un centro biling\u00fce en el que imparto las asignaturas de Lengua, Ingl\u00e9s, Pl\u00e1stica, Social...\",\"breadcrumb\":{\"@id\":\"https:\/\/congdegorila.es\/index.php\/2021\/08\/01\/por-que-g-de-gorila\/#breadcrumb\"},\"inLanguage\":\"es\",\"potentialAction\":[{\"@type\":\"ReadAction\",\"target\":[\"https:\/\/congdegorila.es\/index.php\/2021\/08\/01\/por-que-g-de-gorila\/\"]}]},{\"@type\":\"BreadcrumbList\",\"@id\":\"https:\/\/congdegorila.es\/index.php\/2021\/08\/01\/por-que-g-de-gorila\/#breadcrumb\",\"itemListElement\":[{\"@type\":\"ListItem\",\"position\":1,\"name\":\"Inicio\",\"item\":\"https:\/\/congdegorila.es\/\"},{\"@type\":\"ListItem\",\"position\":2,\"name\":\"Sin categor\u00eda\",\"item\":\"https:\/\/congdegorila.es\/index.php\/category\/sin-categoria\/\"},{\"@type\":\"ListItem\",\"position\":3,\"name\":\"\u00bfPor qu\u00e9 g de gorila?\"}]},{\"@type\":\"Article\",\"@id\":\"https:\/\/congdegorila.es\/index.php\/2021\/08\/01\/por-que-g-de-gorila\/#article\",\"isPartOf\":{\"@id\":\"https:\/\/congdegorila.es\/index.php\/2021\/08\/01\/por-que-g-de-gorila\/\"},\"author\":{\"name\":\"Gorila\",\"@id\":\"https:\/\/congdegorila.es\/#\/schema\/person\/a3a4af16066ac58bcc4d4cda8aa7a700\"},\"headline\":\"\u00bfPor qu\u00e9 g de gorila?\",\"datePublished\":\"2021-08-01T14:57:54+00:00\",\"dateModified\":\"2021-08-16T09:05:32+00:00\",\"mainEntityOfPage\":{\"@id\":\"https:\/\/congdegorila.es\/index.php\/2021\/08\/01\/por-que-g-de-gorila\/\"},\"wordCount\":596,\"publisher\":{\"@id\":\"https:\/\/congdegorila.es\/#organization\"},\"inLanguage\":\"es\"},{\"@type\":\"Person\",\"@id\":\"https:\/\/congdegorila.es\/#\/schema\/person\/a3a4af16066ac58bcc4d4cda8aa7a700\",\"name\":\"Gorila\",\"image\":{\"@type\":\"ImageObject\",\"inLanguage\":\"es\",\"@id\":\"https:\/\/congdegorila.es\/#\/schema\/person\/image\/\",\"url\":\"https:\/\/secure.gravatar.com\/avatar\/d32448fc8fcaec2e46c43f70a9824060?s=96&d=mm&r=g\",\"contentUrl\":\"https:\/\/secure.gravatar.com\/avatar\/d32448fc8fcaec2e46c43f70a9824060?s=96&d=mm&r=g\",\"caption\":\"Gorila\"},\"url\":\"https:\/\/congdegorila.es\/index.php\/author\/gorila\/\"}]}<\/script>\n<!-- \/ Yoast SEO plugin. -->","yoast_head_json":{"title":"\u00bfPor qu\u00e9 g de gorila? - congdegorila","description":"\u00bfPor qu\u00e9 g de gorila? Me llamo Gloria, soy se\u00f1o en un centro biling\u00fce en el que imparto las asignaturas de Lengua, Ingl\u00e9s, Pl\u00e1stica, Social...","robots":{"index":"index","follow":"follow","max-snippet":"max-snippet:-1","max-image-preview":"max-image-preview:large","max-video-preview":"max-video-preview:-1"},"canonical":"https:\/\/congdegorila.es\/index.php\/2021\/08\/01\/por-que-g-de-gorila\/","og_locale":"es_ES","og_type":"article","og_title":"\u00bfPor qu\u00e9 g de gorila? - congdegorila","og_description":"\u00bfPor qu\u00e9 g de gorila? Me llamo Gloria, soy se\u00f1o en un centro biling\u00fce en el que imparto las asignaturas de Lengua, Ingl\u00e9s, Pl\u00e1stica, Social...","og_url":"https:\/\/congdegorila.es\/index.php\/2021\/08\/01\/por-que-g-de-gorila\/","og_site_name":"congdegorila","article_published_time":"2021-08-01T14:57:54+00:00","article_modified_time":"2021-08-16T09:05:32+00:00","og_image":[{"width":1920,"height":1280,"url":"https:\/\/congdegorila.es\/wp-content\/uploads\/2021\/08\/gorila6.jpg","type":"image\/jpeg"}],"author":"Gorila","twitter_card":"summary_large_image","twitter_misc":{"Escrito por":"Gorila","Tiempo de lectura":"2 minutos"},"schema":{"@context":"https:\/\/schema.org","@graph":[{"@type":"Organization","@id":"https:\/\/congdegorila.es\/#organization","name":"Con G de Gorila","url":"https:\/\/congdegorila.es\/","sameAs":[],"logo":{"@type":"ImageObject","inLanguage":"es","@id":"https:\/\/congdegorila.es\/#\/schema\/logo\/image\/","url":"https:\/\/congdegorila.es\/wp-content\/uploads\/2021\/08\/logo_ok-color.png","contentUrl":"https:\/\/congdegorila.es\/wp-content\/uploads\/2021\/08\/logo_ok-color.png","width":739,"height":252,"caption":"Con G de Gorila"},"image":{"@id":"https:\/\/congdegorila.es\/#\/schema\/logo\/image\/"}},{"@type":"WebSite","@id":"https:\/\/congdegorila.es\/#website","url":"https:\/\/congdegorila.es\/","name":"congdegorila","description":"Ideas para grandes y gigantes","publisher":{"@id":"https:\/\/congdegorila.es\/#organization"},"potentialAction":[{"@type":"SearchAction","target":{"@type":"EntryPoint","urlTemplate":"https:\/\/congdegorila.es\/?s={search_term_string}"},"query-input":"required name=search_term_string"}],"inLanguage":"es"},{"@type":"WebPage","@id":"https:\/\/congdegorila.es\/index.php\/2021\/08\/01\/por-que-g-de-gorila\/","url":"https:\/\/congdegorila.es\/index.php\/2021\/08\/01\/por-que-g-de-gorila\/","name":"\u00bfPor qu\u00e9 g de gorila? - congdegorila","isPartOf":{"@id":"https:\/\/congdegorila.es\/#website"},"datePublished":"2021-08-01T14:57:54+00:00","dateModified":"2021-08-16T09:05:32+00:00","description":"\u00bfPor qu\u00e9 g de gorila? Me llamo Gloria, soy se\u00f1o en un centro biling\u00fce en el que imparto las asignaturas de Lengua, Ingl\u00e9s, Pl\u00e1stica, Social...","breadcrumb":{"@id":"https:\/\/congdegorila.es\/index.php\/2021\/08\/01\/por-que-g-de-gorila\/#breadcrumb"},"inLanguage":"es","potentialAction":[{"@type":"ReadAction","target":["https:\/\/congdegorila.es\/index.php\/2021\/08\/01\/por-que-g-de-gorila\/"]}]},{"@type":"BreadcrumbList","@id":"https:\/\/congdegorila.es\/index.php\/2021\/08\/01\/por-que-g-de-gorila\/#breadcrumb","itemListElement":[{"@type":"ListItem","position":1,"name":"Inicio","item":"https:\/\/congdegorila.es\/"},{"@type":"ListItem","position":2,"name":"Sin categor\u00eda","item":"https:\/\/congdegorila.es\/index.php\/category\/sin-categoria\/"},{"@type":"ListItem","position":3,"name":"\u00bfPor qu\u00e9 g de gorila?"}]},{"@type":"Article","@id":"https:\/\/congdegorila.es\/index.php\/2021\/08\/01\/por-que-g-de-gorila\/#article","isPartOf":{"@id":"https:\/\/congdegorila.es\/index.php\/2021\/08\/01\/por-que-g-de-gorila\/"},"author":{"name":"Gorila","@id":"https:\/\/congdegorila.es\/#\/schema\/person\/a3a4af16066ac58bcc4d4cda8aa7a700"},"headline":"\u00bfPor qu\u00e9 g de gorila?","datePublished":"2021-08-01T14:57:54+00:00","dateModified":"2021-08-16T09:05:32+00:00","mainEntityOfPage":{"@id":"https:\/\/congdegorila.es\/index.php\/2021\/08\/01\/por-que-g-de-gorila\/"},"wordCount":596,"publisher":{"@id":"https:\/\/congdegorila.es\/#organization"},"inLanguage":"es"},{"@type":"Person","@id":"https:\/\/congdegorila.es\/#\/schema\/person\/a3a4af16066ac58bcc4d4cda8aa7a700","name":"Gorila","image":{"@type":"ImageObject","inLanguage":"es","@id":"https:\/\/congdegorila.es\/#\/schema\/person\/image\/","url":"https:\/\/secure.gravatar.com\/avatar\/d32448fc8fcaec2e46c43f70a9824060?s=96&d=mm&r=g","contentUrl":"https:\/\/secure.gravatar.com\/avatar\/d32448fc8fcaec2e46c43f70a9824060?s=96&d=mm&r=g","caption":"Gorila"},"url":"https:\/\/congdegorila.es\/index.php\/author\/gorila\/"}]}},"_links":{"self":[{"href":"https:\/\/congdegorila.es\/index.php\/wp-json\/wp\/v2\/posts\/1"}],"collection":[{"href":"https:\/\/congdegorila.es\/index.php\/wp-json\/wp\/v2\/posts"}],"about":[{"href":"https:\/\/congdegorila.es\/index.php\/wp-json\/wp\/v2\/types\/post"}],"author":[{"embeddable":true,"href":"https:\/\/congdegorila.es\/index.php\/wp-json\/wp\/v2\/users\/2"}],"replies":[{"embeddable":true,"href":"https:\/\/congdegorila.es\/index.php\/wp-json\/wp\/v2\/comments?post=1"}],"version-history":[{"count":16,"href":"https:\/\/congdegorila.es\/index.php\/wp-json\/wp\/v2\/posts\/1\/revisions"}],"predecessor-version":[{"id":6085,"href":"https:\/\/congdegorila.es\/index.php\/wp-json\/wp\/v2\/posts\/1\/revisions\/6085"}],"wp:featuredmedia":[{"embeddable":true,"href":"https:\/\/congdegorila.es\/index.php\/wp-json\/wp\/v2\/media\/5924"}],"wp:attachment":[{"href":"https:\/\/congdegorila.es\/index.php\/wp-json\/wp\/v2\/media?parent=1"}],"wp:term":[{"taxonomy":"category","embeddable":true,"href":"https:\/\/congdegorila.es\/index.php\/wp-json\/wp\/v2\/categories?post=1"},{"taxonomy":"post_tag","embeddable":true,"href":"https:\/\/congdegorila.es\/index.php\/wp-json\/wp\/v2\/tags?post=1"}],"curies":[{"name":"wp","href":"https:\/\/api.w.org\/{rel}","templated":true}]}}